{"id":7319,"date":"2018-02-28T18:41:53","date_gmt":"2018-02-28T21:41:53","guid":{"rendered":"https:\/\/blogs.correiobraziliense.com.br\/vicente\/?p=7319"},"modified":"2018-03-05T15:33:20","modified_gmt":"2018-03-05T18:33:20","slug":"lista-triplice-para-o-bndes","status":"publish","type":"post","link":"https:\/\/blogs.correiobraziliense.com.br\/vicente\/lista-triplice-para-o-bndes\/","title":{"rendered":"Lista tr\u00edplice para o BNDES"},"content":{"rendered":"<h2>ANTONIO TEM\u00d3TEO<\/h2>\n<h2><\/h2>\n<h2>O ministro do Planejamento, Dyogo Oliveira, apresentar\u00e1 uma lista tr\u00edplice ao presidente Michel Temer com nomes para suceder Paulo Rabello de Castro no comando do Banco Nacional do Desenvolvimento Econ\u00f4mico e Social (BNDES).<\/h2>\n<p>&nbsp;<\/p>\n<p>O chefe do banco de fomento, que deixar\u00e1 o cargo para concorrer \u00e0 Presid\u00eancia da Rep\u00fablica, \u00e9 favor\u00e1vel ao diretor das \u00e1reas Financeira, Internacional e de Controladoria, Carlos Thadeu de Freitas Gomes. Entretanto, a sa\u00fade do executivo pesa contra ele.<\/p>\n<p>&nbsp;<\/p>\n<p>Quem tamb\u00e9m deve figurar entre os indicados \u00e9 o diretor de Cr\u00e9dito, Tecnologia e Planejamento, Carlos Da Costa.<\/p>\n","protected":false},"excerpt":{"rendered":"<p>ANTONIO TEM\u00d3TEO O ministro do Planejamento, Dyogo Oliveira, apresentar\u00e1 uma lista tr\u00edplice ao presidente Michel Temer com nomes para suceder Paulo Rabello de Castro no comando do Banco Nacional do Desenvolvimento Econ\u00f4mico e Social (BNDES). &nbsp; O chefe do banco de fomento, que deixar\u00e1 o cargo para concorrer \u00e0 Presid\u00eancia da Rep\u00fablica, \u00e9 favor\u00e1vel ao [&hellip;]<\/p>\n","protected":false},"author":22,"featured_media":0,"comment_status":"open","ping_status":"closed","sticky":false,"template":"","format":"standard","meta":{"footnotes":""},"categories":[600],"tags":[],"class_list":["post-7319","post","type-post","status-publish","format-standard","hentry","category-economia"],"_links":{"self":[{"href":"https:\/\/blogs.correiobraziliense.com.br\/vicente\/wp-json\/wp\/v2\/posts\/7319","targetHints":{"allow":["GET"]}}],"collection":[{"href":"https:\/\/blogs.correiobraziliense.com.br\/vicente\/wp-json\/wp\/v2\/posts"}],"about":[{"href":"https:\/\/blogs.correiobraziliense.com.br\/vicente\/wp-json\/wp\/v2\/types\/post"}],"author":[{"embeddable":true,"href":"https:\/\/blogs.correiobraziliense.com.br\/vicente\/wp-json\/wp\/v2\/users\/22"}],"replies":[{"embeddable":true,"href":"https:\/\/blogs.correiobraziliense.com.br\/vicente\/wp-json\/wp\/v2\/comments?post=7319"}],"version-history":[{"count":1,"href":"https:\/\/blogs.correiobraziliense.com.br\/vicente\/wp-json\/wp\/v2\/posts\/7319\/revisions"}],"predecessor-version":[{"id":7320,"href":"https:\/\/blogs.correiobraziliense.com.br\/vicente\/wp-json\/wp\/v2\/posts\/7319\/revisions\/7320"}],"wp:attachment":[{"href":"https:\/\/blogs.correiobraziliense.com.br\/vicente\/wp-json\/wp\/v2\/media?parent=7319"}],"wp:term":[{"taxonomy":"category","embeddable":true,"href":"https:\/\/blogs.correiobraziliense.com.br\/vicente\/wp-json\/wp\/v2\/categories?post=7319"},{"taxonomy":"post_tag","embeddable":true,"href":"https:\/\/blogs.correiobraziliense.com.br\/vicente\/wp-json\/wp\/v2\/tags?post=7319"}],"curies":[{"name":"wp","href":"https:\/\/api.w.org\/{rel}","templated":true}]}}