{"id":7307,"date":"2018-02-27T20:45:58","date_gmt":"2018-02-27T23:45:58","guid":{"rendered":"https:\/\/blogs.correiobraziliense.com.br\/vicente\/?p=7307"},"modified":"2018-02-27T21:02:30","modified_gmt":"2018-02-28T00:02:30","slug":"alerta-no-planalto-cunha-esta-abrindo-o-bico","status":"publish","type":"post","link":"https:\/\/blogs.correiobraziliense.com.br\/vicente\/alerta-no-planalto-cunha-esta-abrindo-o-bico\/","title":{"rendered":"Alerta no Planalto: Cunha est\u00e1 abrindo o bico"},"content":{"rendered":"<h2>LEONARDO CAVALCANTI<\/h2>\n<h2><\/h2>\n<h2>N\u00e3o bastasse ter inclu\u00eddo o presidente Michel Temer nas investiga\u00e7\u00f5es do esquema montado pela Odebrecht para saquear os cofres da Petrobras, a procuradora-geral da Rep\u00fablica, Raquel Dodge, indicou que pode aceitar a dela\u00e7\u00e3o de Eduardo Cunha, ex-presidente da C\u00e2mara que est\u00e1 preso em Curitiba.<\/h2>\n<p>&nbsp;<\/p>\n<p>Depois de muito prometer e n\u00e3o entregar nada de relevante, Cunha, enfim, resolveu abrir o bico e detalhar o esquema do qual fez parte. As den\u00fancias envolvem gente gra\u00fada da Rep\u00fablica e desvios na Petrobras e na Caixa Econ\u00f4mica Federal. H\u00e1 coisa pesada sendo entregue aos investigadores.<\/p>\n<p>&nbsp;<\/p>\n<p>Um dos envolvidos nas negocia\u00e7\u00f5es com Cunha diz que as primeiras tentativas de dela\u00e7\u00e3o dele foram muito fracas, decepcionantes. Por isso, nenhum acordo foi adiante. Agora, o quadro mudou. Segredos da Rep\u00fablica est\u00e3o sendo entregues com requintes de detalhes e provas.<\/p>\n<p>&nbsp;<\/p>\n<p>Resta saber at\u00e9 onde vai Cunha. Ele n\u00e3o se conforma de estar preso h\u00e1 tanto tempo, jogado aos le\u00f5es sem ningu\u00e9m para defend\u00ea-lo. Reclama ainda da falta de dinheiro. Boa parte das queixas, no entanto, \u00e9 lorota.<\/p>\n<p>&nbsp;<\/p>\n<p><em>Bras\u00edlia, 20h45min<\/em><\/p>\n","protected":false},"excerpt":{"rendered":"<p>LEONARDO CAVALCANTI N\u00e3o bastasse ter inclu\u00eddo o presidente Michel Temer nas investiga\u00e7\u00f5es do esquema montado pela Odebrecht para saquear os cofres da Petrobras, a procuradora-geral da Rep\u00fablica, Raquel Dodge, indicou que pode aceitar a dela\u00e7\u00e3o de Eduardo Cunha, ex-presidente da C\u00e2mara que est\u00e1 preso em Curitiba. &nbsp; Depois de muito prometer e n\u00e3o entregar nada [&hellip;]<\/p>\n","protected":false},"author":22,"featured_media":0,"comment_status":"open","ping_status":"closed","sticky":false,"template":"","format":"standard","meta":{"footnotes":""},"categories":[600],"tags":[1272,61,111,1613,2356],"class_list":["post-7307","post","type-post","status-publish","format-standard","hentry","category-economia","tag-delacao","tag-eduardo-cunha","tag-michel-temer","tag-odebrecht","tag-raquel-dodge"],"_links":{"self":[{"href":"https:\/\/blogs.correiobraziliense.com.br\/vicente\/wp-json\/wp\/v2\/posts\/7307","targetHints":{"allow":["GET"]}}],"collection":[{"href":"https:\/\/blogs.correiobraziliense.com.br\/vicente\/wp-json\/wp\/v2\/posts"}],"about":[{"href":"https:\/\/blogs.correiobraziliense.com.br\/vicente\/wp-json\/wp\/v2\/types\/post"}],"author":[{"embeddable":true,"href":"https:\/\/blogs.correiobraziliense.com.br\/vicente\/wp-json\/wp\/v2\/users\/22"}],"replies":[{"embeddable":true,"href":"https:\/\/blogs.correiobraziliense.com.br\/vicente\/wp-json\/wp\/v2\/comments?post=7307"}],"version-history":[{"count":1,"href":"https:\/\/blogs.correiobraziliense.com.br\/vicente\/wp-json\/wp\/v2\/posts\/7307\/revisions"}],"predecessor-version":[{"id":7308,"href":"https:\/\/blogs.correiobraziliense.com.br\/vicente\/wp-json\/wp\/v2\/posts\/7307\/revisions\/7308"}],"wp:attachment":[{"href":"https:\/\/blogs.correiobraziliense.com.br\/vicente\/wp-json\/wp\/v2\/media?parent=7307"}],"wp:term":[{"taxonomy":"category","embeddable":true,"href":"https:\/\/blogs.correiobraziliense.com.br\/vicente\/wp-json\/wp\/v2\/categories?post=7307"},{"taxonomy":"post_tag","embeddable":true,"href":"https:\/\/blogs.correiobraziliense.com.br\/vicente\/wp-json\/wp\/v2\/tags?post=7307"}],"curies":[{"name":"wp","href":"https:\/\/api.w.org\/{rel}","templated":true}]}}