{"id":7303,"date":"2018-02-27T07:23:48","date_gmt":"2018-02-27T10:23:48","guid":{"rendered":"https:\/\/blogs.correiobraziliense.com.br\/vicente\/?p=7303"},"modified":"2018-02-27T20:41:50","modified_gmt":"2018-02-27T23:41:50","slug":"o-embate-de-meirelles-para-fazer-seu-sucessor-na-fazenda","status":"publish","type":"post","link":"https:\/\/blogs.correiobraziliense.com.br\/vicente\/o-embate-de-meirelles-para-fazer-seu-sucessor-na-fazenda\/","title":{"rendered":"O embate de Meirelles para fazer seu sucessor na Fazenda"},"content":{"rendered":"<h2>ANTONIO TEM\u00d3TEO E HAMILTON FERRARI<\/h2>\n<h2><\/h2>\n<h2>Sem ainda ter emplacado a candidatura ao Pal\u00e1cio do Planalto, o ministro da Fazenda, Henrique Meirelles, est\u00e1 no meio de um embate para escolher quem o suceder\u00e1 no comando da equipe econ\u00f4mica. Meirelles \u00e9 favor\u00e1vel \u00e0 nomea\u00e7\u00e3o do secret\u00e1rio executivo da pasta, Eduardo Guardia, mas enfrenta oposi\u00e7\u00e3o do l\u00edder do governo no Congresso Nacional, senador Romero Juc\u00e1 (MDB-RR), que defende o nome do ministro da Planejamento, Dyogo Oliveira, para ocupar o posto.<\/h2>\n<p>&nbsp;<\/p>\n<p>Interlocutores de Meirelles minimizam as barreiras \u00e0 sua candidatura e \u00e0 queda de bra\u00e7o com Juc\u00e1. Um deles detalhou que seria natural o ministro ter a prerrogativa de escolher algu\u00e9m da pr\u00f3pria equipe para substitu\u00ed-lo. \u201cA l\u00f3gica \u00e9 a de que ele deixasse o cargo para o secret\u00e1rio executivo. Juc\u00e1 pode ter interesse, mas, no fim, quem decide \u00e9 o presidente Michel Temer\u201d, afirma um assessor presidencial.<\/p>\n<p>&nbsp;<\/p>\n<p>Na Fazenda, entretanto, o movimento de troca de comando \u00e9 considerado precipitado, porque Meirelles ainda n\u00e3o definiu se vai disputar a Presid\u00eancia. Em entrevistas, ele diz que pode concorrer, mas ainda n\u00e3o tem partido. O seu PSD est\u00e1 fechado com o governador de S\u00e3o Paulo, Geraldo Alckmin. A estrutura para a campanha de Meirelles est\u00e1 pronta. Ele j\u00e1 gastou mais de R$ 2 milh\u00f5es para montar sua equipe.<\/p>\n<p>&nbsp;<\/p>\n<p>Juc\u00e1 \u00e9 um dos que mais jogam contra a candidatura de Meirelles. E est\u00e1 no grupo dos que t\u00eam protagonizado embates com o ministro. Em diversas oportunidades, o senador se antecipou a Meirelles e anunciou medidas econ\u00f4micas. Na semana passada, Juc\u00e1 afirmou que Dyogo \u00e9 o melhor nome para chefiar a equipe econ\u00f4mica caso Meirelles deixe o posto.<\/p>\n<p>&nbsp;<\/p>\n<p>Oliveira caiu nas gra\u00e7as de Temer ap\u00f3s sugerir os saques de contas inativas do Fundo de Garantia do Tempo de Servi\u00e7o (FGTS) e do PIS\/Pasep. Discreto, o chefe do Planejamento tem evitado os holofotes e orientou os auxiliares mais pr\u00f3ximos a n\u00e3o comentarem a possibilidade de ele ir para a Fazenda.<\/p>\n<p>&nbsp;<\/p>\n<p>O sonho de Meirelles de ocupar o Planalto em 2019 ganha novos obst\u00e1culos a cada semana. Bem visto pelo mercado financeiro, empres\u00e1rios e investidores, ele encontra resist\u00eancias no meio pol\u00edtico para ser aclamado como o candidato de centro que continuaria a executar a agenda de reformas e ajustes necess\u00e1rios para colocar a economia nos trilhos.<\/p>\n<p>&nbsp;<\/p>\n<p>As principais oposi\u00e7\u00f5es ao ministro partem do pr\u00f3prio partido, o PSD, integrante da base do governo, que analisa as chances de o presidente Michel Temer concorrer \u00e0 reelei\u00e7\u00e3o, e do PSDB, que busca o apoio do chefe do Executivo para disputar o pleito.<\/p>\n<p>&nbsp;<\/p>\n<p><strong>Rea\u00e7\u00f5es<\/strong><\/p>\n<p>&nbsp;<\/p>\n<p>De olho nos movimentos que tentam barrar sua candidatura, Meirelles afirma que, \u201cse o PSD decidir fechar quest\u00e3o em S\u00e3o Paulo, certamente h\u00e1 convites de outros partidos\u201d. Ele n\u00e3o especifica, por\u00e9m, as agremia\u00e7\u00f5es que o procuraram. As declara\u00e7\u00f5es s\u00e3o uma rea\u00e7\u00e3o \u00e0s costuras pol\u00edticas do presidente do PSD, o ministro de Ci\u00eancia, Tecnologia e Comunica\u00e7\u00f5es, Gilberto Kassab, que negocia uma vaga de vice na prov\u00e1vel chapa liderada por Jo\u00e3o Doria (PSDB) ao governo de S\u00e3o Paulo. Em troca, o PSD apoiaria a candidatura do atual governador do Estado, Geraldo Alckmin (PSDB) \u00e0 Presid\u00eancia da Rep\u00fablica.<\/p>\n<p>&nbsp;<\/p>\n<p>Ap\u00f3s as declara\u00e7\u00f5es do correligion\u00e1rio, Kassab elogiou o ministro da Fazenda, mas indicou que ele pode ficar fora do p\u00e1reo. \u201cNo momento certo, o ministro ou o partido vai definir se um candidato nosso, pelas circunst\u00e2ncias, n\u00e3o por suas qualidades, \u00e9 adequado para disputar as elei\u00e7\u00f5es, ou se iremos partir para uma coliga\u00e7\u00e3o. Vamos aguardar mais alguns dias\u201d, afirma.<\/p>\n<p>&nbsp;<\/p>\n<p>Em reuni\u00e3o com o presidente Temer no fim de semana, Meirelles ouviu que precisa melhorar o desempenho nas pesquisas at\u00e9 abril se quiser ser aclamado como candidato do MDB ao Planalto. Durante o encontro, o presidente disse que n\u00e3o pretende ser candidato, mas que seria necess\u00e1rio angariar o apoio dos caciques do partido, entre eles o senador Romero Juc\u00e1, para disputar a corrida eleitoral.<\/p>\n<p>&nbsp;<\/p>\n<p>Outro interlocutor de Temer ressalta que o ministro ter\u00e1 que definir se vai sair do minist\u00e9rio e se vai mudar de sigla at\u00e9 7 de abril. O prazo est\u00e1 cada vez mais apertado, mas nem o PSD nem o MDB demonstram entusiasmo pelo nome. Na noite de domingo, por meio das redes sociais, Meirelles refor\u00e7ou a inten\u00e7\u00e3o de ser candidato. Na postagem, lembrou que foi presidente mundial de um banco presente em 32 pa\u00edses. \u201cTinha atingido o m\u00e1ximo na carreira, mas pensei: o que estou fazendo aqui? Eu estudei em col\u00e9gio p\u00fablico no Brasil. Est\u00e1 na hora de devolver ao povo brasileiro um pouco de tudo aquilo que ele me proporcionou\u201d, afirmou.<\/p>\n<p>&nbsp;<\/p>\n<p>As d\u00favidas quanto \u00e0 candidatura do ministro do Fazenda v\u00e3o al\u00e9m das disputas pol\u00edticas. Muitos avaliam que falta a ele carisma e facilidade de interlocu\u00e7\u00e3o com o povo. Na avalia\u00e7\u00e3o do cientista pol\u00edtico Cristiano Noronha, da Arko Advice, o ministro n\u00e3o consegue assumir uma bandeira efetivamente positiva. \u201cSe ele deixar o Minist\u00e9rio da Fazenda agora, parece que n\u00e3o ter\u00e1 muitos elementos favor\u00e1veis para alavancar a candidatura. N\u00e3o h\u00e1 nenhuma agenda grandiosa que ele esteja conduzindo\u201d, diz.<\/p>\n<p>&nbsp;<\/p>\n<p>Fora isso, o Pal\u00e1cio do Planalto n\u00e3o v\u00ea, em Meirelles, o nome que vai cativar a sociedade. Parlamentares do PSD tamb\u00e9m afirmam que ele n\u00e3o t\u00eam as condi\u00e7\u00f5es necess\u00e1rias para ser um candidato competitivo. \u201cN\u00e3o h\u00e1 d\u00favidas no governo de que ele tem amplo apoio do mercado, mas o discurso ainda \u00e9 muito econ\u00f4mico, o que n\u00e3o agrada aos eleitores\u201d, afirma um colega de minist\u00e9rio.<\/p>\n<p>&nbsp;<\/p>\n<p><em>Bras\u00edlia, 07h23min<\/em><\/p>\n","protected":false},"excerpt":{"rendered":"<p>ANTONIO TEM\u00d3TEO E HAMILTON FERRARI Sem ainda ter emplacado a candidatura ao Pal\u00e1cio do Planalto, o ministro da Fazenda, Henrique Meirelles, est\u00e1 no meio de um embate para escolher quem o suceder\u00e1 no comando da equipe econ\u00f4mica. Meirelles \u00e9 favor\u00e1vel \u00e0 nomea\u00e7\u00e3o do secret\u00e1rio executivo da pasta, Eduardo Guardia, mas enfrenta oposi\u00e7\u00e3o do l\u00edder do [&hellip;]<\/p>\n","protected":false},"author":22,"featured_media":0,"comment_status":"open","ping_status":"closed","sticky":false,"template":"","format":"standard","meta":{"footnotes":""},"categories":[600],"tags":[84,144,567,2432,111,19,3094],"class_list":["post-7303","post","type-post","status-publish","format-standard","hentry","category-economia","tag-dyogo-oliveira","tag-eduardo-guardia","tag-fazenda","tag-meirelles","tag-michel-temer","tag-ministerio-da-fazenda","tag-sucessao"],"_links":{"self":[{"href":"https:\/\/blogs.correiobraziliense.com.br\/vicente\/wp-json\/wp\/v2\/posts\/7303","targetHints":{"allow":["GET"]}}],"collection":[{"href":"https:\/\/blogs.correiobraziliense.com.br\/vicente\/wp-json\/wp\/v2\/posts"}],"about":[{"href":"https:\/\/blogs.correiobraziliense.com.br\/vicente\/wp-json\/wp\/v2\/types\/post"}],"author":[{"embeddable":true,"href":"https:\/\/blogs.correiobraziliense.com.br\/vicente\/wp-json\/wp\/v2\/users\/22"}],"replies":[{"embeddable":true,"href":"https:\/\/blogs.correiobraziliense.com.br\/vicente\/wp-json\/wp\/v2\/comments?post=7303"}],"version-history":[{"count":1,"href":"https:\/\/blogs.correiobraziliense.com.br\/vicente\/wp-json\/wp\/v2\/posts\/7303\/revisions"}],"predecessor-version":[{"id":7304,"href":"https:\/\/blogs.correiobraziliense.com.br\/vicente\/wp-json\/wp\/v2\/posts\/7303\/revisions\/7304"}],"wp:attachment":[{"href":"https:\/\/blogs.correiobraziliense.com.br\/vicente\/wp-json\/wp\/v2\/media?parent=7303"}],"wp:term":[{"taxonomy":"category","embeddable":true,"href":"https:\/\/blogs.correiobraziliense.com.br\/vicente\/wp-json\/wp\/v2\/categories?post=7303"},{"taxonomy":"post_tag","embeddable":true,"href":"https:\/\/blogs.correiobraziliense.com.br\/vicente\/wp-json\/wp\/v2\/tags?post=7303"}],"curies":[{"name":"wp","href":"https:\/\/api.w.org\/{rel}","templated":true}]}}