{"id":7283,"date":"2018-02-27T17:45:05","date_gmt":"2018-02-27T20:45:05","guid":{"rendered":"https:\/\/blogs.correiobraziliense.com.br\/vicente\/?p=7283"},"modified":"2018-02-27T18:06:33","modified_gmt":"2018-02-27T21:06:33","slug":"veja-quem-e-rogerio-galloro-novo-diretor-geral-da-policia-federal","status":"publish","type":"post","link":"https:\/\/blogs.correiobraziliense.com.br\/vicente\/veja-quem-e-rogerio-galloro-novo-diretor-geral-da-policia-federal\/","title":{"rendered":"Veja quem \u00e9 Rog\u00e9rio Galloro, novo diretor-geral da Pol\u00edcia Federal"},"content":{"rendered":"<h2>Delegado de Pol\u00edcia Federal Rog\u00e9rio Augusto Viana Galloro \u00e9, atualmente, secret\u00e1rio Nacional de Justi\u00e7a, do Minist\u00e9rio da Justi\u00e7a e Seguran\u00e7a P\u00fablica desde 22 de novembro de 2017. Tem sob sua responsabilidade uma vasta gama de importantes atribui\u00e7\u00f5es como migra\u00e7\u00e3o, refugiados, estrangeiros, coopera\u00e7\u00e3o jur\u00eddica internacional, recupera\u00e7\u00e3o de ativos, combate \u00e0 corrup\u00e7\u00e3o e ao tr\u00e1fico de seres humanos, facilita\u00e7\u00e3o ao acesso \u00e0 justi\u00e7a, classifica\u00e7\u00e3o indicativa, entre outros. Est\u00e3o ainda sob sua presid\u00eancia o Comit\u00ea Nacional para Refugiados (Conare), o Comit\u00ea Nacional de Enfrentamento ao Tr\u00e1fico de Pessoas (Conatrap) e a Estrat\u00e9gia Nacional de Combate \u00e0 Corrup\u00e7\u00e3o e Lavagem de Dinheiro (Enccla). Em setembro de 2017 foi eleito Membro do Comit\u00ea Executivo da Interpol para o per\u00edodo 2017\/2020.<\/h2>\n<p>&nbsp;<\/p>\n<p>Galloro \u00e9 bacharel em Direito desde 1992 e inscrito na OAB\/SP desde 1993. Tem MBA pela FGV em Gest\u00e3o de Pol\u00edticas de Seguran\u00e7a P\u00fablica e Especializa\u00e7\u00e3o pela UnB em Rela\u00e7\u00f5es Internacionais. \u00c9 ex-aluno da Universidade de Harvard no Programa Seguran\u00e7a Nacional e Internacional da Harvard Kennedy School. Ele come\u00e7ou sua carreira na Pol\u00edcia Federal como delegado em 1995 e atuou em<br \/>\nunidades de repress\u00e3o \u00e0 drogas, \u00e0 crimes fazend\u00e1rios e de intelig\u00eancia policial. Ocupou in\u00fameros cargos importantes como a chefia da DPF\/Presidente Prudente\/SP, a coordenadoria de Passaportes, a delegacia Regional Executiva na Superintend\u00eancia de Pernambuco. Foi ainda superintendente Regional da PF em Goi\u00e1s, diretor de Administra\u00e7\u00e3o e Log\u00edstica Policial, adido Policial na Embaixada do Brasil em Washington\/EUA, diretor executivo da Pol\u00edcia Federal (Diretor Geral Substituto). Em setembro de 2017 foi eleito Membro do Comit\u00ea Executivo da Interpol, como representante das Am\u00e9ricas.<\/p>\n<p>&nbsp;<\/p>\n<p>O novo diretor-geral da PF foi, por cinco anos, professor da Academia Nacional de Pol\u00edcia na cadeira Migra\u00e7\u00e3o. Desenvolveu habilidades em rela\u00e7\u00f5es internacionais, ado\u00e7\u00e3o internacional, documentos falsos, tr\u00e1fico de pessoas, seguran\u00e7a transnacional no Mercosul, \u00a0controle de fronteiras na Am\u00e9rica do Sul, gerenciamento de crises em transporte a\u00e9reo e lavagem de dinheiro. Foi, tamb\u00e9m, representante da Pol\u00edcia Federal junto a Organiza\u00e7\u00e3o de Avia\u00e7\u00e3o Civil Internacional (Icao) em Montreal e coordenou o projeto do Novo Passaporte Brasileiro em 2006. Representou a PF e o Brasil em dezenas de pa\u00edses nos cinco continentes. Foi Presidente da APALA \u2013 Associa\u00e7\u00e3o de Adidos Policiais Latino Americanos nos EUA (Apala).<\/p>\n<p>&nbsp;<\/p>\n<p>Coordenou as for\u00e7as da Pol\u00edcia Federal na seguran\u00e7a da Copa do Mundo FIFA 2014 e dos Jogos Ol\u00edmpicos e Paral\u00edmpicos RIO2016. Publicou o ensaio Ir e Vir num mundo globalizado \u2013 o passaporte como instrumento de garantia e constrangimento dos direitos do cidad\u00e3o: um estudo hist\u00f3rico sobre o passaporte brasileiro.<\/p>\n<p>&nbsp;<\/p>\n<p><em>Bras\u00edlia, 17h45min<\/em><\/p>\n","protected":false},"excerpt":{"rendered":"<p>Delegado de Pol\u00edcia Federal Rog\u00e9rio Augusto Viana Galloro \u00e9, atualmente, secret\u00e1rio Nacional de Justi\u00e7a, do Minist\u00e9rio da Justi\u00e7a e Seguran\u00e7a P\u00fablica desde 22 de novembro de 2017. Tem sob sua responsabilidade uma vasta gama de importantes atribui\u00e7\u00f5es como migra\u00e7\u00e3o, refugiados, estrangeiros, coopera\u00e7\u00e3o jur\u00eddica internacional, recupera\u00e7\u00e3o de ativos, combate \u00e0 corrup\u00e7\u00e3o e ao tr\u00e1fico de seres [&hellip;]<\/p>\n","protected":false},"author":22,"featured_media":0,"comment_status":"open","ping_status":"closed","sticky":false,"template":"","format":"standard","meta":{"footnotes":""},"categories":[600],"tags":[3174,126,861,3173],"class_list":["post-7283","post","type-post","status-publish","format-standard","hentry","category-economia","tag-fernando-segovia","tag-policia-federal","tag-raul-jungmann","tag-rogerio-galloro"],"_links":{"self":[{"href":"https:\/\/blogs.correiobraziliense.com.br\/vicente\/wp-json\/wp\/v2\/posts\/7283","targetHints":{"allow":["GET"]}}],"collection":[{"href":"https:\/\/blogs.correiobraziliense.com.br\/vicente\/wp-json\/wp\/v2\/posts"}],"about":[{"href":"https:\/\/blogs.correiobraziliense.com.br\/vicente\/wp-json\/wp\/v2\/types\/post"}],"author":[{"embeddable":true,"href":"https:\/\/blogs.correiobraziliense.com.br\/vicente\/wp-json\/wp\/v2\/users\/22"}],"replies":[{"embeddable":true,"href":"https:\/\/blogs.correiobraziliense.com.br\/vicente\/wp-json\/wp\/v2\/comments?post=7283"}],"version-history":[{"count":7,"href":"https:\/\/blogs.correiobraziliense.com.br\/vicente\/wp-json\/wp\/v2\/posts\/7283\/revisions"}],"predecessor-version":[{"id":7290,"href":"https:\/\/blogs.correiobraziliense.com.br\/vicente\/wp-json\/wp\/v2\/posts\/7283\/revisions\/7290"}],"wp:attachment":[{"href":"https:\/\/blogs.correiobraziliense.com.br\/vicente\/wp-json\/wp\/v2\/media?parent=7283"}],"wp:term":[{"taxonomy":"category","embeddable":true,"href":"https:\/\/blogs.correiobraziliense.com.br\/vicente\/wp-json\/wp\/v2\/categories?post=7283"},{"taxonomy":"post_tag","embeddable":true,"href":"https:\/\/blogs.correiobraziliense.com.br\/vicente\/wp-json\/wp\/v2\/tags?post=7283"}],"curies":[{"name":"wp","href":"https:\/\/api.w.org\/{rel}","templated":true}]}}