{"id":7280,"date":"2018-02-27T17:35:37","date_gmt":"2018-02-27T20:35:37","guid":{"rendered":"https:\/\/blogs.correiobraziliense.com.br\/vicente\/?p=7280"},"modified":"2018-02-27T21:15:36","modified_gmt":"2018-02-28T00:15:36","slug":"jungmann-exigiu-de-temer-demissao-de-segovia-para-aceitar-ministerio","status":"publish","type":"post","link":"https:\/\/blogs.correiobraziliense.com.br\/vicente\/jungmann-exigiu-de-temer-demissao-de-segovia-para-aceitar-ministerio\/","title":{"rendered":"Jungmann exigiu de Temer a demiss\u00e3o de Segovia para aceitar minist\u00e9rio"},"content":{"rendered":"<h2>Uma das condi\u00e7\u00f5es impostas por Raul Jungmann para assumir o Minist\u00e9rio da Seguran\u00e7a P\u00fablica foi ter total autonomia para mudar o comando da Pol\u00edcia Federal, e isso implicava a demiss\u00e3o de Fernando Segovia da dire\u00e7\u00e3o-geral da corpora\u00e7\u00e3o. Na avalia\u00e7\u00e3o de Jungmann, a gest\u00e3o de Segovia \u00e0 frente da PF foi um desastre. Rog\u00e9rio Galloro assumir\u00e1 a PF com total poder para fazer mudan\u00e7as na estrutura do \u00f3rg\u00e3o.<\/h2>\n<p>&nbsp;<\/p>\n<p>A avalia\u00e7\u00e3o de Jungmann \u00e9 de que n\u00e3o pode ter problemas com a PF, e Segovia se tornou um estorvo. Nos tr\u00eas meses em que ficou \u00e0 frente da Pol\u00edcia Federal, Seg\u00f3via conseguiu arrumar problemas com todo mundo. Brigou com a corpora\u00e7\u00e3o, envolveu o presidente Michel Temer em uma enrascada, foi enquadrado pelo ministro Luiz Roberto Barroso, do Supremo Tribunal Federa (STF), e levou um cala-boca de Raquel Dodge, procuradora-geral da Rep\u00fablica.<\/p>\n<p>&nbsp;<\/p>\n<p>Para Jungmann, num momento t\u00e3o delicado, como o da interven\u00e7\u00e3o federal no Rio de Janeiro, \u00e9 preciso ter um Pol\u00edcia Federal unida, empenhada em executar fielmente a sua tarefa, e n\u00e3o cheia de focos de rebeli\u00e3o, como se observou nos \u00faltimos tempos. O ministro da Seguran\u00e7a acredita que Galloro ter\u00e1 total autoridade para unir a PF e p\u00f4r fim ao enfrentamento com o Pal\u00e1cio do Planalto.<\/p>\n<p>&nbsp;<\/p>\n<p>Desde que Segovia assumiu a PF criou-se a vis\u00e3o de que ele estava no cargo apenas para proteger o presidente Michel Temer, que est\u00e1 sendo investigado por suspeitas de ter beneficiado a empresa Rodrimar por meio de um\u00a0decreto que alterou regras no sistema portu\u00e1rio. Recentemente, em entrevista \u00e0 <em>Reuters<\/em>, Segovia disse que tudo levava a crer que o processo de Temer seria arquivado por falta de provas. Tais declara\u00e7\u00f5es provocaram a ira de Barroso e de Raquel Dodge.<\/p>\n<p>&nbsp;<\/p>\n<p>Jungmann acredita que, com a sa\u00edda de Segovia da PF, apaziguar\u00e1 os \u00e2nimos dos policiais. Espera-se uma condu\u00e7\u00e3o mais t\u00e9cnica da corpora\u00e7\u00e3o. &#8220;Infelizmente, Segovia politizou demais da Pol\u00edcia Federal. E isso n\u00e3o \u00e9 bom. Ainda bem que o governo acordou logo. Segovia j\u00e1 estava na mira do STF e da PGR. N\u00e3o tinha como continuar no cargo&#8221;, diz um ministro pr\u00f3ximo de Temer.<\/p>\n<p>&nbsp;<\/p>\n<p><em>Bras\u00edlia, 17h35min<\/em><\/p>\n","protected":false},"excerpt":{"rendered":"<p>Uma das condi\u00e7\u00f5es impostas por Raul Jungmann para assumir o Minist\u00e9rio da Seguran\u00e7a P\u00fablica foi ter total autonomia para mudar o comando da Pol\u00edcia Federal, e isso implicava a demiss\u00e3o de Fernando Segovia da dire\u00e7\u00e3o-geral da corpora\u00e7\u00e3o. Na avalia\u00e7\u00e3o de Jungmann, a gest\u00e3o de Segovia \u00e0 frente da PF foi um desastre. Rog\u00e9rio Galloro assumir\u00e1 [&hellip;]<\/p>\n","protected":false},"author":22,"featured_media":0,"comment_status":"open","ping_status":"closed","sticky":false,"template":"","format":"standard","meta":{"footnotes":""},"categories":[600],"tags":[22,3174,111,126,861,3173],"class_list":["post-7280","post","type-post","status-publish","format-standard","hentry","category-economia","tag-demissao","tag-fernando-segovia","tag-michel-temer","tag-policia-federal","tag-raul-jungmann","tag-rogerio-galloro"],"_links":{"self":[{"href":"https:\/\/blogs.correiobraziliense.com.br\/vicente\/wp-json\/wp\/v2\/posts\/7280","targetHints":{"allow":["GET"]}}],"collection":[{"href":"https:\/\/blogs.correiobraziliense.com.br\/vicente\/wp-json\/wp\/v2\/posts"}],"about":[{"href":"https:\/\/blogs.correiobraziliense.com.br\/vicente\/wp-json\/wp\/v2\/types\/post"}],"author":[{"embeddable":true,"href":"https:\/\/blogs.correiobraziliense.com.br\/vicente\/wp-json\/wp\/v2\/users\/22"}],"replies":[{"embeddable":true,"href":"https:\/\/blogs.correiobraziliense.com.br\/vicente\/wp-json\/wp\/v2\/comments?post=7280"}],"version-history":[{"count":16,"href":"https:\/\/blogs.correiobraziliense.com.br\/vicente\/wp-json\/wp\/v2\/posts\/7280\/revisions"}],"predecessor-version":[{"id":7310,"href":"https:\/\/blogs.correiobraziliense.com.br\/vicente\/wp-json\/wp\/v2\/posts\/7280\/revisions\/7310"}],"wp:attachment":[{"href":"https:\/\/blogs.correiobraziliense.com.br\/vicente\/wp-json\/wp\/v2\/media?parent=7280"}],"wp:term":[{"taxonomy":"category","embeddable":true,"href":"https:\/\/blogs.correiobraziliense.com.br\/vicente\/wp-json\/wp\/v2\/categories?post=7280"},{"taxonomy":"post_tag","embeddable":true,"href":"https:\/\/blogs.correiobraziliense.com.br\/vicente\/wp-json\/wp\/v2\/tags?post=7280"}],"curies":[{"name":"wp","href":"https:\/\/api.w.org\/{rel}","templated":true}]}}