{"id":7269,"date":"2018-02-24T06:32:24","date_gmt":"2018-02-24T09:32:24","guid":{"rendered":"https:\/\/blogs.correiobraziliense.com.br\/vicente\/?p=7269"},"modified":"2018-02-24T21:40:48","modified_gmt":"2018-02-25T00:40:48","slug":"correio-economico-aposta-de-alto-risco","status":"publish","type":"post","link":"https:\/\/blogs.correiobraziliense.com.br\/vicente\/correio-economico-aposta-de-alto-risco\/","title":{"rendered":"Correio Econ\u00f4mico: Aposta de alto risco"},"content":{"rendered":"<h2>O novo rebaixamento do pa\u00eds, agora pela ag\u00eancia de classifica\u00e7\u00e3o de risco Fitch, em nada reduziu a percep\u00e7\u00e3o de que a economia vai deslanchar neste ano. Analistas e investidores est\u00e3o convencidos de que, se o governo n\u00e3o fizer mais nada para incrementar a atividade e n\u00e3o houver nenhum atropelo no quadro internacional, ser\u00e1 poss\u00edvel ver o Produto Interno Bruto (PIB) ro\u00e7ando os 4%. Os donos do dinheiro resolveram se apegar aos bons indicadores econ\u00f4micos e dar menos peso \u00e0 pol\u00edtica. Nem o fim da reforma da Previd\u00eancia, que levou a Fitch a colocar o Brasil pr\u00f3ximo das na\u00e7\u00f5es consideradas lixo, perturba mais.<\/h2>\n<p>&nbsp;<\/p>\n<p>A orienta\u00e7\u00e3o entre os homens de neg\u00f3cios \u00e9 aproveitar o refor\u00e7o no consumo das fam\u00edlias dado pela infla\u00e7\u00e3o baixa e pelos menores juros da hist\u00f3ria para tocar projetos de expans\u00e3o. N\u00e3o ser\u00e1 nenhum furor, mas a aposta geral \u00e9 de que os investimentos produtivos v\u00e3o crescer mais do que o PIB em 2018. Pelos balan\u00e7os de empresas e bancos divulgados nos \u00faltimos dias, p\u00f4de-se perceber que a recess\u00e3o virou passado e que os lucros voltaram com tudo. Apenas as quatro maiores institui\u00e7\u00f5es financeiras do pa\u00eds registraram ganhos de R$ 65 bilh\u00f5es em 2017, quando o crescimento foi de mero 1%.<\/p>\n<p>&nbsp;<\/p>\n<p>Empres\u00e1rios e investidores est\u00e3o t\u00e3o c\u00e9ticos em rela\u00e7\u00e3o a Bras\u00edlia, que n\u00e3o acreditam no sucesso do governo para aprovar as 15 medidas apresentadas como plano B depois do enterro da reforma da Previd\u00eancia. Na melhor das hip\u00f3teses, dizem que apenas a proposta que prev\u00ea a privatiza\u00e7\u00e3o da Eletrobras tem chance de sair do campo das promessas. Por uma raz\u00e3o simples: tem a simpatia do presidente da C\u00e2mara dos Deputados, Rodrigo Maia. O resto ficar\u00e1 para o futuro presidente, at\u00e9 pelo calend\u00e1rio que est\u00e1 colocado. Copa do Mundo em junho e julho. Depois, elei\u00e7\u00f5es.<\/p>\n<p>&nbsp;<\/p>\n<p><b>Desejo latente<\/b><\/p>\n<p>&nbsp;<\/p>\n<p>Para os donos do dinheiro, se Bras\u00edlia n\u00e3o atrapalhar e o mundo n\u00e3o provocar turbul\u00eancias diante de uma mudan\u00e7a brusca na pol\u00edtica de juros dos Estados Unidos, teremos pela frente boas perspectivas para reduzir o ex\u00e9rcito de 26,4 milh\u00f5es de brasileiros que est\u00e3o sem trabalho ou subempregados. O desejo latente entre eles \u00e9 de que o Banco Central d\u00ea pelo menos mais um est\u00edmulo \u00e0 economia, cortando a taxa b\u00e1sica de juros (Selic) novamente em mar\u00e7o, de 6,75% para 6,50%. \u00c9 pouco, mas o efeito psicol\u00f3gico ser\u00e1 enorme, pois indicar\u00e1 a confian\u00e7a da autoridade monet\u00e1ria no controle da infla\u00e7\u00e3o.<\/p>\n<p>&nbsp;<\/p>\n<p>Os \u00edndices de pre\u00e7os v\u00eam surpreendendo para baixo. O IPCA-15, pr\u00e9via da infla\u00e7\u00e3o oficial, cravou alta de 0,38% em fevereiro, com a taxa acumulada em 12 meses cedendo de 3,02% para 2,86%. Na avalia\u00e7\u00e3o de Eduardo Velho, economista-chefe do Banco do Estado do Esp\u00edrito Santo (Banestes), o custo de vida \u00e9 o menor dos problemas agora. Os pre\u00e7os dos alimentos est\u00e3o ajudando, pois a safra agr\u00edcola continua surpreendendo, e a energia el\u00e9trica deu um bom al\u00edvio no bolso dos consumidores. Portanto, ressalta ele, \u00e9 bem prov\u00e1vel que o BC volte, sim, a promover mais uma baixa da Selic.<\/p>\n<p>&nbsp;<\/p>\n<p>\u201cDo ponto de vista econ\u00f4mico, estamos num bom momento. Se houver surpresas, ser\u00e1 para melhor. Meus modelos econ\u00f4micos est\u00e3o indicando crescimento para este ano de 3,6%, podendo chegar a 4%. Esse avan\u00e7o maior do PIB permitir\u00e1 o aumento da arrecada\u00e7\u00e3o, que tornar\u00e1 menos complicado o cumprimento da meta fiscal\u201d, diz Velho. Nesse contexto, n\u00e3o se espera uma explos\u00e3o da d\u00edvida p\u00fablica em rela\u00e7\u00e3o ao PIB, que est\u00e1 em 75%. \u201cS\u00f3 h\u00e1 uma ressalva no horizonte: \u00e9 importante que a economia mundial caminhe relativamente sem turbul\u00eancias\u201d, acrescenta.<\/p>\n<p>&nbsp;<\/p>\n<p><b>Fora da pauta<\/b><\/p>\n<p>&nbsp;<\/p>\n<p>Velho acredita que a reforma da Previd\u00eancia n\u00e3o entrar\u00e1 mais na pauta do Congresso neste ano, nem mesmo em novembro, depois das elei\u00e7\u00f5es presidenciais. Para ele, caber\u00e1 ao pr\u00f3ximo presidente, independentemente se de esquerda ou de direita, a tarefa de promover mudan\u00e7as no sistema de aposentadorias. Ele lembra que na Gr\u00e9cia e em Portugal, a despeito das ideologias, os partidos que assumiram os governos em meio a uma grav\u00edssima crise internacional fizeram as reformas e os pa\u00edses se recuperaram da recess\u00e3o.<\/p>\n<p>&nbsp;<\/p>\n<p>O economista destaca ainda que os investidores est\u00e3o convencidos de que, com Lula ou sem Lula na disputa pela Presid\u00eancia da Rep\u00fablica, um candidato mais de centro, comprometido com as reformas, acabar\u00e1 saindo vencedor das urnas. \u201cO bom \u00e9 que a sociedade est\u00e1 se convencendo da import\u00e2ncia das reformas. A propaganda do governo dizendo que as mudan\u00e7as na Previd\u00eancia t\u00eam por objetivo combater privil\u00e9gios pegou. Com certeza, isso ajudar\u00e1 o pr\u00f3ximo presidente\u201d, frisa. Velho ressalta tamb\u00e9m que a expressiva valoriza\u00e7\u00e3o da bolsa de valores, que est\u00e1 em alta consecutiva h\u00e1 oito preg\u00f5es, \u00e9 uma antecipa\u00e7\u00e3o dos bons resultados que a economia mostrar\u00e1 daqui para frente.<\/p>\n<p>&nbsp;<\/p>\n<p><i>Bras\u00edlia, 06h32min<\/i><\/p>\n","protected":false},"excerpt":{"rendered":"<p>O novo rebaixamento do pa\u00eds, agora pela ag\u00eancia de classifica\u00e7\u00e3o de risco Fitch, em nada reduziu a percep\u00e7\u00e3o de que a economia vai deslanchar neste ano. Analistas e investidores est\u00e3o convencidos de que, se o governo n\u00e3o fizer mais nada para incrementar a atividade e n\u00e3o houver nenhum atropelo no quadro internacional, ser\u00e1 poss\u00edvel ver [&hellip;]<\/p>\n","protected":false},"author":22,"featured_media":0,"comment_status":"open","ping_status":"closed","sticky":false,"template":"","format":"standard","meta":{"footnotes":""},"categories":[600],"tags":[589,74,77,58,70],"class_list":["post-7269","post","type-post","status-publish","format-standard","hentry","category-economia","tag-economia","tag-eduardo-velho","tag-fitch","tag-pib","tag-rebaixamento"],"_links":{"self":[{"href":"https:\/\/blogs.correiobraziliense.com.br\/vicente\/wp-json\/wp\/v2\/posts\/7269","targetHints":{"allow":["GET"]}}],"collection":[{"href":"https:\/\/blogs.correiobraziliense.com.br\/vicente\/wp-json\/wp\/v2\/posts"}],"about":[{"href":"https:\/\/blogs.correiobraziliense.com.br\/vicente\/wp-json\/wp\/v2\/types\/post"}],"author":[{"embeddable":true,"href":"https:\/\/blogs.correiobraziliense.com.br\/vicente\/wp-json\/wp\/v2\/users\/22"}],"replies":[{"embeddable":true,"href":"https:\/\/blogs.correiobraziliense.com.br\/vicente\/wp-json\/wp\/v2\/comments?post=7269"}],"version-history":[{"count":1,"href":"https:\/\/blogs.correiobraziliense.com.br\/vicente\/wp-json\/wp\/v2\/posts\/7269\/revisions"}],"predecessor-version":[{"id":7270,"href":"https:\/\/blogs.correiobraziliense.com.br\/vicente\/wp-json\/wp\/v2\/posts\/7269\/revisions\/7270"}],"wp:attachment":[{"href":"https:\/\/blogs.correiobraziliense.com.br\/vicente\/wp-json\/wp\/v2\/media?parent=7269"}],"wp:term":[{"taxonomy":"category","embeddable":true,"href":"https:\/\/blogs.correiobraziliense.com.br\/vicente\/wp-json\/wp\/v2\/categories?post=7269"},{"taxonomy":"post_tag","embeddable":true,"href":"https:\/\/blogs.correiobraziliense.com.br\/vicente\/wp-json\/wp\/v2\/tags?post=7269"}],"curies":[{"name":"wp","href":"https:\/\/api.w.org\/{rel}","templated":true}]}}