{"id":7267,"date":"2018-02-23T18:19:23","date_gmt":"2018-02-23T21:19:23","guid":{"rendered":"https:\/\/blogs.correiobraziliense.com.br\/vicente\/?p=7267"},"modified":"2018-02-23T18:19:23","modified_gmt":"2018-02-23T21:19:23","slug":"rebaixamento-da-moodys-pode-ocorrer-na-proxima-semana","status":"publish","type":"post","link":"https:\/\/blogs.correiobraziliense.com.br\/vicente\/rebaixamento-da-moodys-pode-ocorrer-na-proxima-semana\/","title":{"rendered":"Moody&#8217;s deve rebaixar o Brasil na pr\u00f3xima semana"},"content":{"rendered":"<p>POR ANTONIO TEM\u00d3TEO<\/p>\n<p>&nbsp;<\/p>\n<p>A ag\u00eancia de classifica\u00e7\u00e3o de risco Moody&#8217;s pode rebaixar o Brasil na pr\u00f3xima semana. No fim da tarde da pr\u00f3xima segunda-feira, o presidente do Banco Central (BC), Ilan Goldfajn, receber\u00e1 um grupo de executivos da empresa em S\u00e3o Paulo para abertura da miss\u00e3o que \u00e9 realizada anualmente.<\/p>\n<p>&nbsp;<\/p>\n<p>Em pronunciamentos recentes, executivos da ag\u00eancia se manifestaram sobre a decis\u00e3o do governo de enterrar a reforma da Previd\u00eancia. Na \u00faltima ter\u00e7a-feira, o analista-s\u00eanior da ag\u00eancia Moody&#8217;s, Samar Maziad avaliou que decis\u00e3o do governo limitar\u00e1 a capacidade de cumprir a regra do teto de gasto.<\/p>\n<p>&nbsp;<\/p>\n<p>Conforme Maziad, a decis\u00e3o ser\u00e1 levada em conta pela ag\u00eancia de raiting. &#8220;Embora j\u00e1 esper\u00e1ssemos que uma reforma ampla fosse improv\u00e1vel, abandonar os planos para aprovar a proposta \u00e9 negativo para o perfil de cr\u00e9dito do pa\u00eds, uma vez que restringir\u00e1 fortemente a capacidade das autoridades de cumprir o teto de gastos do governo nos pr\u00f3ximos anos&#8221;, disse.<\/p>\n","protected":false},"excerpt":{"rendered":"<p>POR ANTONIO TEM\u00d3TEO &nbsp; A ag\u00eancia de classifica\u00e7\u00e3o de risco Moody&#8217;s pode rebaixar o Brasil na pr\u00f3xima semana. No fim da tarde da pr\u00f3xima segunda-feira, o presidente do Banco Central (BC), Ilan Goldfajn, receber\u00e1 um grupo de executivos da empresa em S\u00e3o Paulo para abertura da miss\u00e3o que \u00e9 realizada anualmente. &nbsp; Em pronunciamentos recentes, [&hellip;]<\/p>\n","protected":false},"author":22,"featured_media":0,"comment_status":"open","ping_status":"closed","sticky":false,"template":"","format":"standard","meta":{"footnotes":""},"categories":[600],"tags":[106,107,69,3167,70],"class_list":["post-7267","post","type-post","status-publish","format-standard","hentry","category-economia","tag-bc","tag-ilan-goldfajn","tag-moodys","tag-nota-de-credito","tag-rebaixamento"],"_links":{"self":[{"href":"https:\/\/blogs.correiobraziliense.com.br\/vicente\/wp-json\/wp\/v2\/posts\/7267","targetHints":{"allow":["GET"]}}],"collection":[{"href":"https:\/\/blogs.correiobraziliense.com.br\/vicente\/wp-json\/wp\/v2\/posts"}],"about":[{"href":"https:\/\/blogs.correiobraziliense.com.br\/vicente\/wp-json\/wp\/v2\/types\/post"}],"author":[{"embeddable":true,"href":"https:\/\/blogs.correiobraziliense.com.br\/vicente\/wp-json\/wp\/v2\/users\/22"}],"replies":[{"embeddable":true,"href":"https:\/\/blogs.correiobraziliense.com.br\/vicente\/wp-json\/wp\/v2\/comments?post=7267"}],"version-history":[{"count":1,"href":"https:\/\/blogs.correiobraziliense.com.br\/vicente\/wp-json\/wp\/v2\/posts\/7267\/revisions"}],"predecessor-version":[{"id":7268,"href":"https:\/\/blogs.correiobraziliense.com.br\/vicente\/wp-json\/wp\/v2\/posts\/7267\/revisions\/7268"}],"wp:attachment":[{"href":"https:\/\/blogs.correiobraziliense.com.br\/vicente\/wp-json\/wp\/v2\/media?parent=7267"}],"wp:term":[{"taxonomy":"category","embeddable":true,"href":"https:\/\/blogs.correiobraziliense.com.br\/vicente\/wp-json\/wp\/v2\/categories?post=7267"},{"taxonomy":"post_tag","embeddable":true,"href":"https:\/\/blogs.correiobraziliense.com.br\/vicente\/wp-json\/wp\/v2\/tags?post=7267"}],"curies":[{"name":"wp","href":"https:\/\/api.w.org\/{rel}","templated":true}]}}