{"id":7264,"date":"2018-02-23T16:20:57","date_gmt":"2018-02-23T19:20:57","guid":{"rendered":"https:\/\/blogs.correiobraziliense.com.br\/vicente\/?p=7264"},"modified":"2018-03-31T00:14:56","modified_gmt":"2018-03-31T03:14:56","slug":"os-erros-de-meirelles-na-avaliacao-do-planalto","status":"publish","type":"post","link":"https:\/\/blogs.correiobraziliense.com.br\/vicente\/os-erros-de-meirelles-na-avaliacao-do-planalto\/","title":{"rendered":"Os erros de Meirelles, na avalia\u00e7\u00e3o do Planalto"},"content":{"rendered":"<h2>Por maior que seja a admira\u00e7\u00e3o do presidente Michel Temer pelo ministro da Fazenda, Henrique Meirelles, o emedebista n\u00e3o v\u00ea chances de o subordinado ter sucesso na campanha \u00e0 Presid\u00eancia da Rep\u00fablica. As justificativas s\u00e3o muitas, a come\u00e7ar pela fragilidade do discurso do ministro. Ele se coloca como candidato, mas n\u00e3o fala para o povo. Seu discurso \u00e9 sempre para os catequizados do mercado financeiro.<\/h2>\n<p>&nbsp;<\/p>\n<p>Meirelles n\u00e3o tem bandeira. N\u00e3o uma bandeira que o aproxime dos eleitores. \u00c9 verdade que o ministro pode se apegar \u00e0 forte queda da infla\u00e7\u00e3o e aos juros mais baixos da hist\u00f3ria, mas tamb\u00e9m \u00e9 o ministro do rebaixamento, do desemprego que continua alto e da derrota na reforma da Previd\u00eancia.<\/p>\n<p>&nbsp;<\/p>\n<p>Para o Planalto, se Meirelles realmente quisesse ser um candidato vi\u00e1vel, j\u00e1 teria se agarrado, por exemplo, ao discurso da seguran\u00e7a p\u00fablica. Em nenhum momento, desde que Temer decretou a interven\u00e7\u00e3o na seguran\u00e7a do Rio de Janeiro, o ministro tomou posse do tema. No m\u00e1ximo, diz que os recursos que ser\u00e3o repassados ao estado ainda n\u00e3o est\u00e3o definidos. Um vi\u00e9s nada atraente.<\/p>\n<p>&nbsp;<\/p>\n<p><strong>Quinta avenida<\/strong><\/p>\n<p>&nbsp;<\/p>\n<p>Meirelles tem ainda outro problema s\u00e9rio: em vez de sair em andan\u00e7a pelo pa\u00eds para falar com o grosso do eleitorado, prefere conversar com analistas do mercado e investidores, que, teoricamente, votariam nele. Ao contr\u00e1rio que ir comer buchada de bode no Nordeste, prioriza viagens \u00e0 5\u00aa Avenida, em Nova York. \u00c9 elitista demais.<\/p>\n<p>&nbsp;<\/p>\n<p>Assessores de Temer citam, por exemplo, o desejo repentino de Meirelles de ir para Nova York em mar\u00e7o, quando ser\u00e1 realizado um evento com investidores para apresentar o Programa de Parcerias de Investimentos (PPI). J\u00e1 est\u00e3o de viagens marcadas os ministros Moreira Franco (secretaria-geral da Presid\u00eancia), Dyogo Oliveira (Planejamento) e Maur\u00edcio Quintela (Transportes).<\/p>\n<p>&nbsp;<\/p>\n<p>Melhor seria, no entender de Planalto, o ministro da Fazenda botar logo o bloco na rua e n\u00e3o ficar grudado no mercado financeiro. Mais que isso: garantir logo um partido para se candidatar. Hoje, nem o PSD, ao qual ele est\u00e1 filiado, nem o MDB de Temer querem saber de Meirelles candidato.<\/p>\n<p>&nbsp;<\/p>\n<p><em>Bras\u00edlia, 16h20min<\/em><\/p>\n","protected":false},"excerpt":{"rendered":"<p>Por maior que seja a admira\u00e7\u00e3o do presidente Michel Temer pelo ministro da Fazenda, Henrique Meirelles, o emedebista n\u00e3o v\u00ea chances de o subordinado ter sucesso na campanha \u00e0 Presid\u00eancia da Rep\u00fablica. As justificativas s\u00e3o muitas, a come\u00e7ar pela fragilidade do discurso do ministro. Ele se coloca como candidato, mas n\u00e3o fala para o povo. [&hellip;]<\/p>\n","protected":false},"author":22,"featured_media":0,"comment_status":"open","ping_status":"closed","sticky":false,"template":"","format":"standard","meta":{"footnotes":""},"categories":[600],"tags":[1257,3028,14,2432,111,92],"class_list":["post-7264","post","type-post","status-publish","format-standard","hentry","category-economia","tag-campanha","tag-candidato","tag-inflacao","tag-meirelles","tag-michel-temer","tag-presidencia"],"_links":{"self":[{"href":"https:\/\/blogs.correiobraziliense.com.br\/vicente\/wp-json\/wp\/v2\/posts\/7264","targetHints":{"allow":["GET"]}}],"collection":[{"href":"https:\/\/blogs.correiobraziliense.com.br\/vicente\/wp-json\/wp\/v2\/posts"}],"about":[{"href":"https:\/\/blogs.correiobraziliense.com.br\/vicente\/wp-json\/wp\/v2\/types\/post"}],"author":[{"embeddable":true,"href":"https:\/\/blogs.correiobraziliense.com.br\/vicente\/wp-json\/wp\/v2\/users\/22"}],"replies":[{"embeddable":true,"href":"https:\/\/blogs.correiobraziliense.com.br\/vicente\/wp-json\/wp\/v2\/comments?post=7264"}],"version-history":[{"count":3,"href":"https:\/\/blogs.correiobraziliense.com.br\/vicente\/wp-json\/wp\/v2\/posts\/7264\/revisions"}],"predecessor-version":[{"id":7566,"href":"https:\/\/blogs.correiobraziliense.com.br\/vicente\/wp-json\/wp\/v2\/posts\/7264\/revisions\/7566"}],"wp:attachment":[{"href":"https:\/\/blogs.correiobraziliense.com.br\/vicente\/wp-json\/wp\/v2\/media?parent=7264"}],"wp:term":[{"taxonomy":"category","embeddable":true,"href":"https:\/\/blogs.correiobraziliense.com.br\/vicente\/wp-json\/wp\/v2\/categories?post=7264"},{"taxonomy":"post_tag","embeddable":true,"href":"https:\/\/blogs.correiobraziliense.com.br\/vicente\/wp-json\/wp\/v2\/tags?post=7264"}],"curies":[{"name":"wp","href":"https:\/\/api.w.org\/{rel}","templated":true}]}}