{"id":7261,"date":"2018-02-23T13:36:13","date_gmt":"2018-02-23T16:36:13","guid":{"rendered":"https:\/\/blogs.correiobraziliense.com.br\/vicente\/?p=7261"},"modified":"2018-02-23T13:45:33","modified_gmt":"2018-02-23T16:45:33","slug":"apos-rebaixamento-fazenda-defende-que-esta-comprometida-com-ajuste-fiscal","status":"publish","type":"post","link":"https:\/\/blogs.correiobraziliense.com.br\/vicente\/apos-rebaixamento-fazenda-defende-que-esta-comprometida-com-ajuste-fiscal\/","title":{"rendered":"Ap\u00f3s rebaixamento, Fazenda defende que est\u00e1 comprometida com ajuste fiscal"},"content":{"rendered":"<h2>HAMILTON FERRARI<\/h2>\n<p>Em nota, o Minist\u00e9rio da Fazenda disse que o pa\u00eds conta atualmente com uma composi\u00e7\u00e3o saud\u00e1vel da D\u00edvida P\u00fablica Federal, reduzida exposi\u00e7\u00e3o cambial e baixa concentra\u00e7\u00e3o de vencimentos a curto prazo. O comunicado foi feito depois que a ag\u00eancia de risco Fitch revisou a nota do pa\u00eds, de BB para BB-.<\/p>\n<p>&nbsp;<\/p>\n<p>A pasta tamb\u00e9m ressaltou a aprova\u00e7\u00e3o de medidas como o teto de gastos, a reforma trabalhista, o programa de Recupera\u00e7\u00e3o Fiscal dos Estados, a reformula\u00e7\u00e3o das pol\u00edticas de cr\u00e9dito do Banco Nacional de Desenvolvimento Econ\u00f4mico e Social (BNDES) e a nova Taxa de Longo Prazo (TLP).<\/p>\n<p>&nbsp;<\/p>\n<p>\u201cSegue comprometido em progredir com a agenda de reformas macro e microecon\u00f4micas destinadas a garantir o equil\u00edbrio das contas p\u00fablicas, crescimento econ\u00f4mico sustent\u00e1vel e cont\u00ednua melhoria do ambiente de neg\u00f3cios\u201d, informou o \u00f3rg\u00e3o, em nota.<\/p>\n<p>&nbsp;<\/p>\n<p>Na decis\u00e3o, a Fitch ressaltou os persistentes e grandes d\u00e9ficits fiscais e a alta da d\u00edvida p\u00fablica, al\u00e9m da falta de legisla\u00e7\u00e3o sobre reformas, principalmente da Previd\u00eancia. A ag\u00eancia n\u00e3o prev\u00ea um novo corte no curto prazo.<\/p>\n<p>&nbsp;<\/p>\n<p>A Secret\u00e1ria do Tesouro Nacional, Ana Paula Vescovi, j\u00e1 admitiu que, sem a reforma previdenci\u00e1ria, a d\u00edvida bruta pode superar 80% do Produto Interno Bruto (PIB). H\u00e1 analistas que consideram que o n\u00edvel pode alcan\u00e7ar 100% em 2021.<\/p>\n<p>&nbsp;<\/p>\n<p>A Standard &amp; Poor\u2019s (S&amp;P) foi a primeira a rebaixar o Brasil depois que a reforma da Previd\u00eancia foi dada como impossibilitada de ser aprovada. O an\u00fancio foi feito na segunda semana de janeiro, quando desceu a avalia\u00e7\u00e3o dos t\u00edtulos soberanos do pa\u00eds de BB para BB-, que \u00e9 considerada \u201cest\u00e1vel\u201d.<\/p>\n<p>&nbsp;<\/p>\n<p>Na \u00e9poca, a Fazenda informou que o governo \u201cdeve progredir com a agenda de reformas\u201d. Tamb\u00e9m h\u00e1 a expectativa de um rebaixamento da Moody\u2019s. Agora, o Brasil est\u00e1 a tr\u00eas pontos abaixo do grau de investimento, que perdeu h\u00e1 mais de dois anos. A S&amp;P foi tamb\u00e9m foi a primeira a retirar o selo de bom pagador do pa\u00eds, em setembro de 2015.<\/p>\n","protected":false},"excerpt":{"rendered":"<p>HAMILTON FERRARI Em nota, o Minist\u00e9rio da Fazenda disse que o pa\u00eds conta atualmente com uma composi\u00e7\u00e3o saud\u00e1vel da D\u00edvida P\u00fablica Federal, reduzida exposi\u00e7\u00e3o cambial e baixa concentra\u00e7\u00e3o de vencimentos a curto prazo. O comunicado foi feito depois que a ag\u00eancia de risco Fitch revisou a nota do pa\u00eds, de BB para BB-. &nbsp; A [&hellip;]<\/p>\n","protected":false},"author":22,"featured_media":0,"comment_status":"open","ping_status":"closed","sticky":false,"template":"","format":"standard","meta":{"footnotes":""},"categories":[600],"tags":[3168,567,77,19,70,2803],"class_list":["post-7261","post","type-post","status-publish","format-standard","hentry","category-economia","tag-agencia-de-risco","tag-fazenda","tag-fitch","tag-ministerio-da-fazenda","tag-rebaixamento","tag-risco"],"_links":{"self":[{"href":"https:\/\/blogs.correiobraziliense.com.br\/vicente\/wp-json\/wp\/v2\/posts\/7261","targetHints":{"allow":["GET"]}}],"collection":[{"href":"https:\/\/blogs.correiobraziliense.com.br\/vicente\/wp-json\/wp\/v2\/posts"}],"about":[{"href":"https:\/\/blogs.correiobraziliense.com.br\/vicente\/wp-json\/wp\/v2\/types\/post"}],"author":[{"embeddable":true,"href":"https:\/\/blogs.correiobraziliense.com.br\/vicente\/wp-json\/wp\/v2\/users\/22"}],"replies":[{"embeddable":true,"href":"https:\/\/blogs.correiobraziliense.com.br\/vicente\/wp-json\/wp\/v2\/comments?post=7261"}],"version-history":[{"count":2,"href":"https:\/\/blogs.correiobraziliense.com.br\/vicente\/wp-json\/wp\/v2\/posts\/7261\/revisions"}],"predecessor-version":[{"id":7263,"href":"https:\/\/blogs.correiobraziliense.com.br\/vicente\/wp-json\/wp\/v2\/posts\/7261\/revisions\/7263"}],"wp:attachment":[{"href":"https:\/\/blogs.correiobraziliense.com.br\/vicente\/wp-json\/wp\/v2\/media?parent=7261"}],"wp:term":[{"taxonomy":"category","embeddable":true,"href":"https:\/\/blogs.correiobraziliense.com.br\/vicente\/wp-json\/wp\/v2\/categories?post=7261"},{"taxonomy":"post_tag","embeddable":true,"href":"https:\/\/blogs.correiobraziliense.com.br\/vicente\/wp-json\/wp\/v2\/tags?post=7261"}],"curies":[{"name":"wp","href":"https:\/\/api.w.org\/{rel}","templated":true}]}}