{"id":7257,"date":"2018-02-23T13:18:04","date_gmt":"2018-02-23T16:18:04","guid":{"rendered":"https:\/\/blogs.correiobraziliense.com.br\/vicente\/?p=7257"},"modified":"2018-02-23T13:23:19","modified_gmt":"2018-02-23T16:23:19","slug":"7257-2","status":"publish","type":"post","link":"https:\/\/blogs.correiobraziliense.com.br\/vicente\/7257-2\/","title":{"rendered":"Fitch rebaixa o Brasil ap\u00f3s governo enterrar reforma da Previd\u00eancia"},"content":{"rendered":"<p>POR ANTONIO TEM\u00d3TEO<\/p>\n<p>&nbsp;<\/p>\n<p>A decis\u00e3o do governo de enterrar a vota\u00e7\u00e3o da reforma da Previd\u00eancia na C\u00e2mara dos Deputados j\u00e1 produz os primeiros efeitos pr\u00e1ticos para a economia brasileira. A ag\u00eancia de classifica\u00e7\u00e3o de risco Fitch Ratings rebaixou a nota de cr\u00e9dito pa\u00eds de &#8220;BB&#8221; para &#8220;BB-&#8220;. Al\u00e9m disso, a companhia alterou a perspectiva de negativa para est\u00e1vel.<\/p>\n<div id=\"smartIntxt-wmll5\"><\/div>\n<p>Na avalia\u00e7\u00e3o da Fitch, o rebaixamento reflete os &#8220;persistentes&#8221; e &#8220;grandes&#8221; d\u00e9ficits fiscais, um alto e crescente fardo da d\u00edvida p\u00fablica e a falta de legisla\u00e7\u00e3o sobre reformas que melhorariam o desempenho estrutural das finan\u00e7as p\u00fablicas. &#8220;A decis\u00e3o do governo de n\u00e3o colocar a reforma da Prev\u00eancia em uma vota\u00e7\u00e3o do Congresso representa um importante rev\u00e9s na agenda de reformas que mina\u00a0confian\u00e7a na trajet\u00f3ria de m\u00e9dio prazo das finan\u00e7as p\u00fablicas e do compromisso pol\u00edtico para abordar a quest\u00e3o&#8221;, destacou comunicado da ag\u00eancia.<\/p>\n<p>&nbsp;<\/p>\n<p>Al\u00e9m disso, a ag\u00eancia de classifica\u00e7\u00e3o de risco destacou que\u00a0h\u00e1 incertezas se o pr\u00f3ximo governo garantir\u00e1 a aprova\u00e7\u00e3o da reforma da Previd\u00eancia em tempo h\u00e1bil. &#8220;Os d\u00e9ficits fiscais do Brasil permanecem grandes e espera-se que diminuam gradualmente. O governo atingiu o objetivo de d\u00e9ficit prim\u00e1rio para 2017. No entanto, o d\u00e9ficit do governo geral atingiu mais de 8% do PIB em 2017 (em compara\u00e7\u00e3o com 3% para a mediana do &#8220;BB&#8221;) e a Fitch prev\u00ea que o d\u00e9ficit atinja pouco mais de 7% do PIB durante 2018-2019&#8243;, ressaltou em comunicado.<\/p>\n<p>&nbsp;<\/p>\n<p>Na opini\u00e3o dos analistas da Fitch, o ambiente pol\u00edtico desafiador prejudicou a capacidade do governo para garantir a aprova\u00e7\u00e3o do Congresso e promulgar medidas para aumentar receitas e reduzir gastos destinadas a consolidar as contas fiscais em 2018. &#8220;Por exemplo, o governo n\u00e3o conseguiu obter aprova\u00e7\u00e3o para impor um imposto sobre determinados fundos de investimento e aumentar as contribui\u00e7\u00f5es das pens\u00f5es dos funcion\u00e1rios p\u00fablicos, enquanto uma injun\u00e7\u00e3o judicial suspendeu o adiamento dos ajustes salariais para os trabalhadores do setor p\u00fablico federal&#8221;, alertou.<\/p>\n<p>&nbsp;<\/p>\n<p>Na avalia\u00e7\u00e3o do economista Gesner de Oliveira, s\u00f3cio do GO Associados, a decis\u00e3o da Fitch n\u00e3o foi uma surpresa para o mercado. Entretanto, ele alertou que outras ag\u00eancias, como a Moody&#8217;s devem tomar decis\u00e3o semelhante. &#8220;O rebaixamento da Fitch era esperado depois da retirada da proposta de reforma da Previd\u00eancia. A Moody&#8217;s dever\u00e1 seguir a mesma linha at\u00e9 o Brasil sinalizar de forma inequ\u00edvoca que vai avan\u00e7ar nas reformas&#8221;, detalhou em post no Twitter.<\/p>\n<p>&nbsp;<\/p>\n","protected":false},"excerpt":{"rendered":"<p>POR ANTONIO TEM\u00d3TEO &nbsp; A decis\u00e3o do governo de enterrar a vota\u00e7\u00e3o da reforma da Previd\u00eancia na C\u00e2mara dos Deputados j\u00e1 produz os primeiros efeitos pr\u00e1ticos para a economia brasileira. A ag\u00eancia de classifica\u00e7\u00e3o de risco Fitch Ratings rebaixou a nota de cr\u00e9dito pa\u00eds de &#8220;BB&#8221; para &#8220;BB-&#8220;. Al\u00e9m disso, a companhia alterou a perspectiva [&hellip;]<\/p>\n","protected":false},"author":22,"featured_media":0,"comment_status":"open","ping_status":"closed","sticky":false,"template":"","format":"standard","meta":{"footnotes":""},"categories":[600],"tags":[77,3167,70],"class_list":["post-7257","post","type-post","status-publish","format-standard","hentry","category-economia","tag-fitch","tag-nota-de-credito","tag-rebaixamento"],"_links":{"self":[{"href":"https:\/\/blogs.correiobraziliense.com.br\/vicente\/wp-json\/wp\/v2\/posts\/7257","targetHints":{"allow":["GET"]}}],"collection":[{"href":"https:\/\/blogs.correiobraziliense.com.br\/vicente\/wp-json\/wp\/v2\/posts"}],"about":[{"href":"https:\/\/blogs.correiobraziliense.com.br\/vicente\/wp-json\/wp\/v2\/types\/post"}],"author":[{"embeddable":true,"href":"https:\/\/blogs.correiobraziliense.com.br\/vicente\/wp-json\/wp\/v2\/users\/22"}],"replies":[{"embeddable":true,"href":"https:\/\/blogs.correiobraziliense.com.br\/vicente\/wp-json\/wp\/v2\/comments?post=7257"}],"version-history":[{"count":3,"href":"https:\/\/blogs.correiobraziliense.com.br\/vicente\/wp-json\/wp\/v2\/posts\/7257\/revisions"}],"predecessor-version":[{"id":7260,"href":"https:\/\/blogs.correiobraziliense.com.br\/vicente\/wp-json\/wp\/v2\/posts\/7257\/revisions\/7260"}],"wp:attachment":[{"href":"https:\/\/blogs.correiobraziliense.com.br\/vicente\/wp-json\/wp\/v2\/media?parent=7257"}],"wp:term":[{"taxonomy":"category","embeddable":true,"href":"https:\/\/blogs.correiobraziliense.com.br\/vicente\/wp-json\/wp\/v2\/categories?post=7257"},{"taxonomy":"post_tag","embeddable":true,"href":"https:\/\/blogs.correiobraziliense.com.br\/vicente\/wp-json\/wp\/v2\/tags?post=7257"}],"curies":[{"name":"wp","href":"https:\/\/api.w.org\/{rel}","templated":true}]}}