{"id":7255,"date":"2018-02-23T15:45:50","date_gmt":"2018-02-23T18:45:50","guid":{"rendered":"https:\/\/blogs.correiobraziliense.com.br\/vicente\/?p=7255"},"modified":"2018-02-23T15:45:50","modified_gmt":"2018-02-23T18:45:50","slug":"ipca-15-de-fevereiro-reforca-apostas-de-queda-da-selic-em-marco","status":"publish","type":"post","link":"https:\/\/blogs.correiobraziliense.com.br\/vicente\/ipca-15-de-fevereiro-reforca-apostas-de-queda-da-selic-em-marco\/","title":{"rendered":"IPCA-15 de fevereiro refor\u00e7a apostas de queda da Selic em mar\u00e7o"},"content":{"rendered":"<p>POR ANTONIO TEM\u00d3TEO<\/p>\n<p>&nbsp;<\/p>\n<p>O resultado do \u00cdndice de Pre\u00e7os ao Consumidor Amplo 15 (IPCA-15), que subiu 0,38% em fevereiro, refor\u00e7ou as apostas dos analistas de que o Comit\u00ea de Pol\u00edtica Monet\u00e1ria (Copom) reduzir\u00e1 os a taxa b\u00e1sica de juros (Selic) em 0,25 ponto percentual, para 6,5% ao ano, na reuni\u00e3o marcada para 20 e 21 de mar\u00e7o.<\/p>\n<p>&nbsp;<\/p>\n<p>At\u00e9 l\u00e1, os diretores do Banco Central (BC) j\u00e1 ter\u00e3o acesso ao resultado da infla\u00e7\u00e3o fechada de fevereiro, que ser\u00e1 divulgada em 9 de mar\u00e7o pelo Instituto Brasileiro de Geografia e Estat\u00edstica (IBGE). Na avalia\u00e7\u00e3o do diretor de Pesquisas e Estudos\u00a0Econ\u00f4micos do Bradesco, Fernando Honorato Barbosa, o resultado do IPCA-15 refor\u00e7ou o cen\u00e1rio benigno para a infla\u00e7\u00e3o do ano.<\/p>\n<p>&nbsp;<\/p>\n<p>Conforme ele,\u00a0a abertura do \u00edndice mostrou nova desacelera\u00e7\u00e3o dos n\u00facleos de infla\u00e7\u00e3o. &#8220;Na nossa avalia\u00e7\u00e3o, esse comportamento coloca um vi\u00e9s baixista para nosso cen\u00e1rio de infla\u00e7\u00e3o neste ano (3,9%) e aumenta a probabilidade de um corte adicional na reuni\u00e3o do Copom de mar\u00e7o&#8221;, comentou.<\/p>\n<p>&nbsp;<\/p>\n<p>Nas contas da economista-chefe da Rosenberg Associados, Tha\u00eds Marzola Zara, o IPCA ter\u00e1 alta de 0,27% em fevereiro. Conforme ela, a expectativa parte da premissa de arrefecimento adicional do pre\u00e7o dos alimentos e combust\u00edveis. &#8220;Caso o ambiente internacional continue benigno, como temos testemunhado nos \u00faltimos dias, esta infla\u00e7\u00e3o mais baixa do primeiro trimestre do ano pode levar o BC a um derradeiro corte da Selic na reuni\u00e3o de mar\u00e7o&#8221;, afirmou.<\/p>\n","protected":false},"excerpt":{"rendered":"<p>POR ANTONIO TEM\u00d3TEO &nbsp; O resultado do \u00cdndice de Pre\u00e7os ao Consumidor Amplo 15 (IPCA-15), que subiu 0,38% em fevereiro, refor\u00e7ou as apostas dos analistas de que o Comit\u00ea de Pol\u00edtica Monet\u00e1ria (Copom) reduzir\u00e1 os a taxa b\u00e1sica de juros (Selic) em 0,25 ponto percentual, para 6,5% ao ano, na reuni\u00e3o marcada para 20 e [&hellip;]<\/p>\n","protected":false},"author":22,"featured_media":0,"comment_status":"open","ping_status":"closed","sticky":false,"template":"","format":"standard","meta":{"footnotes":""},"categories":[600],"tags":[3,106,99,391,14,1213,1916,4,34,1319],"class_list":["post-7255","post","type-post","status-publish","format-standard","hentry","category-economia","tag-banco-central","tag-bc","tag-copom","tag-ibge","tag-inflacao","tag-ipca","tag-ipca-15","tag-juros","tag-selic","tag-taxa-basica-de-juros"],"_links":{"self":[{"href":"https:\/\/blogs.correiobraziliense.com.br\/vicente\/wp-json\/wp\/v2\/posts\/7255","targetHints":{"allow":["GET"]}}],"collection":[{"href":"https:\/\/blogs.correiobraziliense.com.br\/vicente\/wp-json\/wp\/v2\/posts"}],"about":[{"href":"https:\/\/blogs.correiobraziliense.com.br\/vicente\/wp-json\/wp\/v2\/types\/post"}],"author":[{"embeddable":true,"href":"https:\/\/blogs.correiobraziliense.com.br\/vicente\/wp-json\/wp\/v2\/users\/22"}],"replies":[{"embeddable":true,"href":"https:\/\/blogs.correiobraziliense.com.br\/vicente\/wp-json\/wp\/v2\/comments?post=7255"}],"version-history":[{"count":2,"href":"https:\/\/blogs.correiobraziliense.com.br\/vicente\/wp-json\/wp\/v2\/posts\/7255\/revisions"}],"predecessor-version":[{"id":7265,"href":"https:\/\/blogs.correiobraziliense.com.br\/vicente\/wp-json\/wp\/v2\/posts\/7255\/revisions\/7265"}],"wp:attachment":[{"href":"https:\/\/blogs.correiobraziliense.com.br\/vicente\/wp-json\/wp\/v2\/media?parent=7255"}],"wp:term":[{"taxonomy":"category","embeddable":true,"href":"https:\/\/blogs.correiobraziliense.com.br\/vicente\/wp-json\/wp\/v2\/categories?post=7255"},{"taxonomy":"post_tag","embeddable":true,"href":"https:\/\/blogs.correiobraziliense.com.br\/vicente\/wp-json\/wp\/v2\/tags?post=7255"}],"curies":[{"name":"wp","href":"https:\/\/api.w.org\/{rel}","templated":true}]}}