{"id":7252,"date":"2018-02-23T08:54:29","date_gmt":"2018-02-23T11:54:29","guid":{"rendered":"https:\/\/blogs.correiobraziliense.com.br\/vicente\/?p=7252"},"modified":"2018-02-23T11:10:09","modified_gmt":"2018-02-23T14:10:09","slug":"exercito-virou-o-posto-ipiranga-do-brasil-serve-para-tudo","status":"publish","type":"post","link":"https:\/\/blogs.correiobraziliense.com.br\/vicente\/exercito-virou-o-posto-ipiranga-do-brasil-serve-para-tudo\/","title":{"rendered":"Ex\u00e9rcito virou o &#8220;posto Ipiranga&#8221; do Brasil. Serve para tudo"},"content":{"rendered":"<p>DENISE ROTHENBURG<\/p>\n<p>&nbsp;<\/p>\n<p>A ida do presidente Michel Temer \u00e0 reuni\u00e3o do Conselho Militar de Defesa n\u00e3o foi um mero convescote, como quis fazer crer o governo, e, sim, uma forma de tentar acalmar as For\u00e7as Armadas. H\u00e1 um desconforto generalizado entre os militares com o fato de o Ex\u00e9rcito ser usado para tudo, de constru\u00e7\u00e3o de rodovias e pacifica\u00e7\u00e3o de morros a at\u00e9 acolhimento aos venezuelanos. O pessoal da ativa \u00e9 mais fechado ao se referir a esse tema. Por\u00e9m, consideram que n\u00e3o d\u00e1 para desvirtuar o papel das For\u00e7as Armadas, como acabou desvirtuado e virou um sucesso de m\u00eddia a tal propaganda do \u201cpassa no posto Ipiranga\u201d.<\/p>\n<p>&nbsp;<\/p>\n<p>Os militares da reserva, que t\u00eam mais liberdade para dizer o que pensam, n\u00e3o escondem a suas preocupa\u00e7\u00f5es. Do alto de quem comandou o Estado Maior Conjunto das For\u00e7as Armadas nos tempos de ocupa\u00e7\u00e3o das favelas do Alem\u00e3o, em 2010, e, mais tarde, do complexo da Mar\u00e9, o general Jos\u00e9 Carlos De Nardi alerta: \u201cEst\u00e3o desvirtuando o emprego do Ex\u00e9rcito. Para o momento, a interven\u00e7\u00e3o foi um mal necess\u00e1rio, mas n\u00e3o \u00e9 a solu\u00e7\u00e3o definitiva. E tem que dar os meios para atuar, sociais e jur\u00eddicos\u201d, diz o general.<\/p>\n<p>&nbsp;<\/p>\n<p><strong>A receita do general I<\/strong><\/p>\n<p>&nbsp;<\/p>\n<p>O ex-comandante do EMCFA general Jos\u00e9 Carlos De Nardi lembra que, no per\u00edodo em que as for\u00e7as militares ocuparam as favelas do Alem\u00e3o, o ent\u00e3o ministro da Defesa, Nelson Jobim, montou um local na base do morro com delegado e juiz de plant\u00e3o apoiando as a\u00e7\u00f5es. \u201cO apoio pol\u00edtico o presidente j\u00e1 deu, que foi decretar a interven\u00e7\u00e3o. Agora, falta o jur\u00eddico\u201d, afirma.<\/p>\n<p>&nbsp;<\/p>\n<p><strong>A receita do general II<\/strong><\/p>\n<p>&nbsp;<\/p>\n<p>O ex-comandante De Nardi lembra que, \u201cpara dar certo, \u00e9 preciso algo mais. No Alem\u00e3o, em 2010, ficamos um ano e pouco, depois, ficamos mais tempo na Mar\u00e9. Sa\u00edmos e, com o tempo, voltou ao que era. Sem a presen\u00e7a do Estado, apoio da Justi\u00e7a e do governo do estado, elaborando projetos sociais, dentro de um ano, seis meses, h\u00e1 o risco de voltar a ser o que era antes da interven\u00e7\u00e3o\u201d, alerta o general ga\u00facho, que hoje acompanha a interven\u00e7\u00e3o \u00e0 dist\u00e2ncia, de seu estado natal.<\/p>\n<p>&nbsp;<\/p>\n<p><strong>E Roraima, hein?<\/strong><\/p>\n<p>&nbsp;<\/p>\n<p>De Nardi n\u00e3o esconde sua insatisfa\u00e7\u00e3o com o uso do Ex\u00e9rcito no apoio aos venezuelanos: \u201cO que o ex\u00e9rcito tem a ver com isso? Ser\u00e1 que os servi\u00e7os sociais e Rela\u00e7\u00f5es Exteriores n\u00e3o poderiam cuidar dos venezuelanos?\u201d<\/p>\n<p>&nbsp;<\/p>\n<p><em>Bras\u00edlia, 08h54min<\/em><\/p>\n<p>&nbsp;<\/p>\n","protected":false},"excerpt":{"rendered":"<p>DENISE ROTHENBURG &nbsp; A ida do presidente Michel Temer \u00e0 reuni\u00e3o do Conselho Militar de Defesa n\u00e3o foi um mero convescote, como quis fazer crer o governo, e, sim, uma forma de tentar acalmar as For\u00e7as Armadas. H\u00e1 um desconforto generalizado entre os militares com o fato de o Ex\u00e9rcito ser usado para tudo, de [&hellip;]<\/p>\n","protected":false},"author":22,"featured_media":0,"comment_status":"open","ping_status":"closed","sticky":false,"template":"","format":"standard","meta":{"footnotes":""},"categories":[600],"tags":[3166,2563,1592,710,1172],"class_list":["post-7252","post","type-post","status-publish","format-standard","hentry","category-economia","tag-de-nardi","tag-exercito","tag-forcas-armadas","tag-intervencao","tag-rio-de-janeiro"],"_links":{"self":[{"href":"https:\/\/blogs.correiobraziliense.com.br\/vicente\/wp-json\/wp\/v2\/posts\/7252","targetHints":{"allow":["GET"]}}],"collection":[{"href":"https:\/\/blogs.correiobraziliense.com.br\/vicente\/wp-json\/wp\/v2\/posts"}],"about":[{"href":"https:\/\/blogs.correiobraziliense.com.br\/vicente\/wp-json\/wp\/v2\/types\/post"}],"author":[{"embeddable":true,"href":"https:\/\/blogs.correiobraziliense.com.br\/vicente\/wp-json\/wp\/v2\/users\/22"}],"replies":[{"embeddable":true,"href":"https:\/\/blogs.correiobraziliense.com.br\/vicente\/wp-json\/wp\/v2\/comments?post=7252"}],"version-history":[{"count":1,"href":"https:\/\/blogs.correiobraziliense.com.br\/vicente\/wp-json\/wp\/v2\/posts\/7252\/revisions"}],"predecessor-version":[{"id":7253,"href":"https:\/\/blogs.correiobraziliense.com.br\/vicente\/wp-json\/wp\/v2\/posts\/7252\/revisions\/7253"}],"wp:attachment":[{"href":"https:\/\/blogs.correiobraziliense.com.br\/vicente\/wp-json\/wp\/v2\/media?parent=7252"}],"wp:term":[{"taxonomy":"category","embeddable":true,"href":"https:\/\/blogs.correiobraziliense.com.br\/vicente\/wp-json\/wp\/v2\/categories?post=7252"},{"taxonomy":"post_tag","embeddable":true,"href":"https:\/\/blogs.correiobraziliense.com.br\/vicente\/wp-json\/wp\/v2\/tags?post=7252"}],"curies":[{"name":"wp","href":"https:\/\/api.w.org\/{rel}","templated":true}]}}