{"id":7244,"date":"2018-02-22T12:53:25","date_gmt":"2018-02-22T15:53:25","guid":{"rendered":"https:\/\/blogs.correiobraziliense.com.br\/vicente\/?p=7244"},"modified":"2018-02-22T12:53:25","modified_gmt":"2018-02-22T15:53:25","slug":"companhia-aerea-passa-cobrar-por-antecipacao-de-voo-e-reserva-de-assento","status":"publish","type":"post","link":"https:\/\/blogs.correiobraziliense.com.br\/vicente\/companhia-aerea-passa-cobrar-por-antecipacao-de-voo-e-reserva-de-assento\/","title":{"rendered":"Companhia a\u00e9rea passa a cobrar por antecipa\u00e7\u00e3o de voo e reserva de assento"},"content":{"rendered":"<h2>HAMILTON FERRARI<\/h2>\n<h2>N\u00e3o satisfeitas em cobrarem pelo despache das bagagens, as companhias a\u00e9reas criam agora mais tarifas para os consumidores. A partir desta quinta (22\/2), os clientes da Gol ter\u00e3o que pagar pelo assentos caso queiram reserv\u00e1-los antes do check-in nas op\u00e7\u00f5es Light e Promo.<\/h2>\n<h2><\/h2>\n<p>Ser\u00e1 descontado R$ 10 e R$ 20, respectivamente, para cada op\u00e7\u00e3o de compra. Quem n\u00e3o quiser pagar, s\u00f3 poder\u00e1 escolher o assento na hora que realizar o check-in. Em alguns casos, a Gol s\u00f3 permite\u00a0a opera\u00e7\u00e3o no dia do embarque.<\/p>\n<p>&nbsp;<\/p>\n<p>Al\u00e9m disso, a companhia tamb\u00e9m vai exigir o pagamento de R$ 50 para a antecipa\u00e7\u00e3o de voo no mesmo dia da viagem na tarifa Light. O consumidor que comprar pela Promo, n\u00e3o poder\u00e1 adiantar o embarque.<\/p>\n<p>&nbsp;<\/p>\n<p>Depois de come\u00e7ar a cobran\u00e7a do despache de bagagens em julho do ano passado, os pre\u00e7os das passagens a\u00e9reas n\u00e3o ca\u00edram, como foi prometido pela Associa\u00e7\u00e3o Brasileira das Empresas A\u00e9reas (Abear).<\/p>\n<p>&nbsp;<\/p>\n<p>Segundo estudos do Instituto Brasileiro de Geografia e Estat\u00edstica (IBGE), houve alta de 16,9% nas tarifas logo nos tr\u00eas primeiros meses ap\u00f3s as cobran\u00e7as. A Funda\u00e7\u00e3o Get\u00falio Vargas (FGV) tamb\u00e9m encontrou pre\u00e7os mais caros: alta de 35,9% no mesmo per\u00edodo.<\/p>\n<p>&nbsp;<\/p>\n<p>Apesar disso, a Abear diz que os valores recuaram entre 7% e 30%. No fim de setembro, o Minist\u00e9rio da Justi\u00e7a abriu uma investiga\u00e7\u00e3o sobre os dados da entidade.<\/p>\n<p>&nbsp;<\/p>\n<p><em>Bras\u00edlia, 12h50min<\/em><\/p>\n","protected":false},"excerpt":{"rendered":"<p>HAMILTON FERRARI N\u00e3o satisfeitas em cobrarem pelo despache das bagagens, as companhias a\u00e9reas criam agora mais tarifas para os consumidores. A partir desta quinta (22\/2), os clientes da Gol ter\u00e3o que pagar pelo assentos caso queiram reserv\u00e1-los antes do check-in nas op\u00e7\u00f5es Light e Promo. Ser\u00e1 descontado R$ 10 e R$ 20, respectivamente, para cada [&hellip;]<\/p>\n","protected":false},"author":22,"featured_media":0,"comment_status":"open","ping_status":"closed","sticky":false,"template":"","format":"standard","meta":{"footnotes":""},"categories":[600],"tags":[3161,3160,2227,286,390,2508],"class_list":["post-7244","post","type-post","status-publish","format-standard","hentry","category-economia","tag-abear","tag-companhias-aereas","tag-gol","tag-passagens","tag-precos","tag-tarifas"],"_links":{"self":[{"href":"https:\/\/blogs.correiobraziliense.com.br\/vicente\/wp-json\/wp\/v2\/posts\/7244","targetHints":{"allow":["GET"]}}],"collection":[{"href":"https:\/\/blogs.correiobraziliense.com.br\/vicente\/wp-json\/wp\/v2\/posts"}],"about":[{"href":"https:\/\/blogs.correiobraziliense.com.br\/vicente\/wp-json\/wp\/v2\/types\/post"}],"author":[{"embeddable":true,"href":"https:\/\/blogs.correiobraziliense.com.br\/vicente\/wp-json\/wp\/v2\/users\/22"}],"replies":[{"embeddable":true,"href":"https:\/\/blogs.correiobraziliense.com.br\/vicente\/wp-json\/wp\/v2\/comments?post=7244"}],"version-history":[{"count":1,"href":"https:\/\/blogs.correiobraziliense.com.br\/vicente\/wp-json\/wp\/v2\/posts\/7244\/revisions"}],"predecessor-version":[{"id":7245,"href":"https:\/\/blogs.correiobraziliense.com.br\/vicente\/wp-json\/wp\/v2\/posts\/7244\/revisions\/7245"}],"wp:attachment":[{"href":"https:\/\/blogs.correiobraziliense.com.br\/vicente\/wp-json\/wp\/v2\/media?parent=7244"}],"wp:term":[{"taxonomy":"category","embeddable":true,"href":"https:\/\/blogs.correiobraziliense.com.br\/vicente\/wp-json\/wp\/v2\/categories?post=7244"},{"taxonomy":"post_tag","embeddable":true,"href":"https:\/\/blogs.correiobraziliense.com.br\/vicente\/wp-json\/wp\/v2\/tags?post=7244"}],"curies":[{"name":"wp","href":"https:\/\/api.w.org\/{rel}","templated":true}]}}