{"id":7241,"date":"2018-02-22T06:33:57","date_gmt":"2018-02-22T09:33:57","guid":{"rendered":"https:\/\/blogs.correiobraziliense.com.br\/vicente\/?p=7241"},"modified":"2018-02-22T08:45:40","modified_gmt":"2018-02-22T11:45:40","slug":"correio-economico-seguranca-e-economia-ditam-politica","status":"publish","type":"post","link":"https:\/\/blogs.correiobraziliense.com.br\/vicente\/correio-economico-seguranca-e-economia-ditam-politica\/","title":{"rendered":"Correio Econ\u00f4mico: Seguran\u00e7a e economia ditam a pol\u00edtica"},"content":{"rendered":"<p>O governo est\u00e1 apostando todas as fichas na interven\u00e7\u00e3o federal no sistema de seguran\u00e7a do Rio de Janeiro, mas n\u00e3o tira os olhos da economia. Ainda que o combate \u00e0 viol\u00eancia traga frutos pol\u00edticos para o presidente Michel Temer, ser\u00e1 a retomada mais forte da atividade que amplificar\u00e1 uma vis\u00e3o mais positiva do emedebista. Est\u00e1 se formando um consenso de que o Produto Interno Bruto (PIB) crescer\u00e1 al\u00e9m de 3% neste ano, resultando na cria\u00e7\u00e3o de mais de 2 milh\u00f5es de empregos. A taxa de desocupa\u00e7\u00e3o voltar\u00e1 a ficar abaixo de 10%.<\/p>\n<p>&nbsp;<\/p>\n<p>Pelos c\u00e1lculos da economista Alessandra Ribeiro, da Tend\u00eancias Consultoria, o Brasil abrir\u00e1, em 2018, aproximadamente 1 milh\u00e3o de vagas formais \u2014 quase a metade do total de vagas criadas. Tal proje\u00e7\u00e3o indica uma melhora importante no mercado de trabalho. Em 2017, a maior parte dos postos abertos se deu na informalidade. Ou seja, foram criados empregos de baixa qualidade. Agora, com a economia ganhando tra\u00e7\u00e3o e os empres\u00e1rios se sentindo mais confiantes em rela\u00e7\u00e3o ao futuro, a tend\u00eancia ser\u00e1 de contrata\u00e7\u00e3o com carteira assinada, o que beneficia trabalhadores mais qualificados.<\/p>\n<p>&nbsp;<\/p>\n<p>Os empregos ser\u00e3o puxados, sobretudo, pela ind\u00fastria e pela constru\u00e7\u00e3o civil, que sofreram muito com a recess\u00e3o. Alessandra destaca que, desde o fim de 2017, vem se percebendo uma virada do mercado de trabalho. As demiss\u00f5es em massa cessaram e, em v\u00e1rios segmentos, como o com\u00e9rcio, as contrata\u00e7\u00f5es superaram o fechamento de vagas. Daqui por diante, a abertura de postos prevalecer\u00e1 quase que mensalmente, um al\u00edvio para as fam\u00edlias e para a Previd\u00eancia Social, cuja arrecada\u00e7\u00e3o aumentar\u00e1. Isso n\u00e3o quer dizer que ficaremos livres dos empregos de baixa qualidade. Infelizmente, ainda estamos longe disso.<\/p>\n<p>&nbsp;<\/p>\n<p>A perspectiva \u00e9 de que a economia crescer\u00e1 independentemente do fim da reforma da Previd\u00eancia. A credibilidade na condu\u00e7\u00e3o da pol\u00edtica econ\u00f4mica garante que, mesmo lentamente, os investimentos produtivos voltar\u00e3o, dando suporte ao consumo das fam\u00edlias, que foi vital para que o Brasil superasse dois anos de recess\u00e3o. \u201cVamos ver o pa\u00eds crescendo nos pr\u00f3ximos anos, mas n\u00e3o podemos esquecer que s\u00f3 voltaremos ao PIB de 2014 em 2022. Temos, portanto, um longo caminho a percorrer\u201d, avisa. \u201cA velocidade ser\u00e1 maior se optarmos por eleger, em outubro pr\u00f3ximo, um governo reformista\u201d, acrescenta.<\/p>\n<p>&nbsp;<\/p>\n<p><b>Concorr\u00eancia abalada<\/b><\/p>\n<p>&nbsp;<\/p>\n<p>O governo sabe que, com as poss\u00edveis turbul\u00eancias provocadas pelas elei\u00e7\u00f5es, ter\u00e1 que evitar ao m\u00e1ximo os ru\u00eddos na economia para n\u00e3o atrapalhar o crescimento. Tudo est\u00e1 sendo milimetricamente pensado no Pal\u00e1cio do Planalto, pois uma atividade mais forte, com infla\u00e7\u00e3o e juros em baixa, amplia a sensa\u00e7\u00e3o de bem-estar da popula\u00e7\u00e3o. Nesse contexto, os eleitores passam a ter um pouco mais de boa vontade com o governo e a ver com bons olhos o candidato apoiado pela m\u00e1quina p\u00fablica. Por isso, est\u00e1 cada vez mais claro o desejo de Temer de concorrer \u00e0 reelei\u00e7\u00e3o.<\/p>\n<p>&nbsp;<\/p>\n<p>Para a economista da Tend\u00eancias, as chances eleitorais do presidente s\u00e3o m\u00ednimas, dado o hist\u00f3rico de baix\u00edssima popularidade do governo. Mas nunca se pode esquecer que, num quadro econ\u00f4mico mais favor\u00e1vel, o pessimismo diminui. Como diz um aliado do emedebista, com mais dinheiro no bolso e a sensa\u00e7\u00e3o de que a inseguran\u00e7a est\u00e1 diminuindo, o cidad\u00e3o comum deixa de lado a implic\u00e2ncia pol\u00edtica e passa a pensar com a raz\u00e3o. Esse discurso vem sendo repetido diariamente pelos maiores incentivadores da candidatura de Temer, o secret\u00e1rio-geral da Presid\u00eancia, Moreira Franco, e o marqueiro presidencial, Elsinho Moco.<\/p>\n<p>&nbsp;<\/p>\n<p>Os dois, inclusive, destacam que, ao assumir a pauta da seguran\u00e7a p\u00fablica e entregar a menor infla\u00e7\u00e3o e a menor taxa de juros em d\u00e9cadas, com perspectiva de retomada do emprego \u2014 Moreira aposta que a taxa de desemprego cair\u00e1 para algo entre 8% e 9% at\u00e9 o fim do primeiro semestre do ano \u2014, Temer abalou o discurso dos cinco candidatos presidenciais: Lula, Jair Bolsonaro, Geraldo Alckmin, Henrique Meirelles e Rodrigo Maia. N\u00e3o por acaso, h\u00e1 uma gritaria em dire\u00e7\u00e3o ao governo. Resta saber at\u00e9 onde Temer conseguir\u00e1 chegar. Nunca economia e seguran\u00e7a p\u00fablica andaram t\u00e3o juntas numa campanha pol\u00edtica.<\/p>\n<p>&nbsp;<\/p>\n<p><i>Bras\u00edlia, 06h36min<\/i><\/p>\n","protected":false},"excerpt":{"rendered":"<p>O governo est\u00e1 apostando todas as fichas na interven\u00e7\u00e3o federal no sistema de seguran\u00e7a do Rio de Janeiro, mas n\u00e3o tira os olhos da economia. Ainda que o combate \u00e0 viol\u00eancia traga frutos pol\u00edticos para o presidente Michel Temer, ser\u00e1 a retomada mais forte da atividade que amplificar\u00e1 uma vis\u00e3o mais positiva do emedebista. Est\u00e1 [&hellip;]<\/p>\n","protected":false},"author":22,"featured_media":0,"comment_status":"open","ping_status":"closed","sticky":false,"template":"","format":"standard","meta":{"footnotes":""},"categories":[600],"tags":[589,665,710,336,111,462],"class_list":["post-7241","post","type-post","status-publish","format-standard","hentry","category-economia","tag-economia","tag-eleicoes","tag-intervencao","tag-melhora","tag-michel-temer","tag-seguranca"],"_links":{"self":[{"href":"https:\/\/blogs.correiobraziliense.com.br\/vicente\/wp-json\/wp\/v2\/posts\/7241","targetHints":{"allow":["GET"]}}],"collection":[{"href":"https:\/\/blogs.correiobraziliense.com.br\/vicente\/wp-json\/wp\/v2\/posts"}],"about":[{"href":"https:\/\/blogs.correiobraziliense.com.br\/vicente\/wp-json\/wp\/v2\/types\/post"}],"author":[{"embeddable":true,"href":"https:\/\/blogs.correiobraziliense.com.br\/vicente\/wp-json\/wp\/v2\/users\/22"}],"replies":[{"embeddable":true,"href":"https:\/\/blogs.correiobraziliense.com.br\/vicente\/wp-json\/wp\/v2\/comments?post=7241"}],"version-history":[{"count":2,"href":"https:\/\/blogs.correiobraziliense.com.br\/vicente\/wp-json\/wp\/v2\/posts\/7241\/revisions"}],"predecessor-version":[{"id":7243,"href":"https:\/\/blogs.correiobraziliense.com.br\/vicente\/wp-json\/wp\/v2\/posts\/7241\/revisions\/7243"}],"wp:attachment":[{"href":"https:\/\/blogs.correiobraziliense.com.br\/vicente\/wp-json\/wp\/v2\/media?parent=7241"}],"wp:term":[{"taxonomy":"category","embeddable":true,"href":"https:\/\/blogs.correiobraziliense.com.br\/vicente\/wp-json\/wp\/v2\/categories?post=7241"},{"taxonomy":"post_tag","embeddable":true,"href":"https:\/\/blogs.correiobraziliense.com.br\/vicente\/wp-json\/wp\/v2\/tags?post=7241"}],"curies":[{"name":"wp","href":"https:\/\/api.w.org\/{rel}","templated":true}]}}