{"id":7239,"date":"2018-02-21T12:50:37","date_gmt":"2018-02-21T15:50:37","guid":{"rendered":"https:\/\/blogs.correiobraziliense.com.br\/vicente\/?p=7239"},"modified":"2018-02-21T13:03:39","modified_gmt":"2018-02-21T16:03:39","slug":"para-refrescar-memoria-um-breve-historico-de-helton-yomura","status":"publish","type":"post","link":"https:\/\/blogs.correiobraziliense.com.br\/vicente\/para-refrescar-memoria-um-breve-historico-de-helton-yomura\/","title":{"rendered":"Para refrescar a mem\u00f3ria, um breve hist\u00f3rico de Helton Yomura"},"content":{"rendered":"<h2>ANTONIO TEM\u00d3TEO<\/h2>\n<h2><\/h2>\n<h2>Indicado pelo PTB para o cargo de ministro do Trabalho, Helton Yomura \u00e9 o secret\u00e1rio executivo da pasta que foi flagrado circulando por Bras\u00edlia com o carro oficial enquanto havia uma crise no governo sobre a indica\u00e7\u00e3o da deputada Cristiane Brasil para comandar a pasta. Ele adora mordomias.<\/h2>\n<p>&nbsp;<\/p>\n<p>Antes de chegar ao Distrito Federal, Yomura foi superintendente regional do Trabalho no Rio de Janeiro, indicado pela filha de Roberto Jefferson. As rela\u00e7\u00f5es entre os dois \u00e9 antiga. Isso quer dizer que Cristiane, a vi\u00fava Porcina do Trabalho, aquela que foi sem nunca ter sido, dar\u00e1 as cartas no minist\u00e9rio por meio de um laranja.<\/p>\n<p>&nbsp;<\/p>\n<p>E mais: ap\u00f3s nomear, em 2 de janeiro de 2018, G\u00e9ssika Tessarolo Balbino para o cargo de assessora da Secretaria de Inspe\u00e7\u00e3o do Trabalho, com um DAS 4, Yomura recebeu recomenda\u00e7\u00e3o do procurador-geral do Trabalho, Ronaldo Curado Fleury, e da vice-procuradora chefe da Procuradoria Regional do Trabalho no Distrito Federal, Helo\u00edsa Siqueira de Jesus, para que revogasse a decis\u00e3o.<\/p>\n<p>&nbsp;<\/p>\n<p>O regimento interno do minist\u00e9rio\u00a0determina que o posto que havia sido entregue a G\u00e9ssica s\u00f3 pode ser ocupado por auditores do trabalho concursados.<\/p>\n<p>&nbsp;<\/p>\n<p><em>Bras\u00edlia, 15h50min<\/em><\/p>\n","protected":false},"excerpt":{"rendered":"<p>ANTONIO TEM\u00d3TEO Indicado pelo PTB para o cargo de ministro do Trabalho, Helton Yomura \u00e9 o secret\u00e1rio executivo da pasta que foi flagrado circulando por Bras\u00edlia com o carro oficial enquanto havia uma crise no governo sobre a indica\u00e7\u00e3o da deputada Cristiane Brasil para comandar a pasta. Ele adora mordomias. &nbsp; Antes de chegar ao [&hellip;]<\/p>\n","protected":false},"author":22,"featured_media":0,"comment_status":"open","ping_status":"closed","sticky":false,"template":"","format":"standard","meta":{"footnotes":""},"categories":[600],"tags":[3075,3159,1094,1583],"class_list":["post-7239","post","type-post","status-publish","format-standard","hentry","category-economia","tag-cristiane-brasil","tag-helton-yomura","tag-ministerio-do-trabalho","tag-roberto-jefferson"],"_links":{"self":[{"href":"https:\/\/blogs.correiobraziliense.com.br\/vicente\/wp-json\/wp\/v2\/posts\/7239","targetHints":{"allow":["GET"]}}],"collection":[{"href":"https:\/\/blogs.correiobraziliense.com.br\/vicente\/wp-json\/wp\/v2\/posts"}],"about":[{"href":"https:\/\/blogs.correiobraziliense.com.br\/vicente\/wp-json\/wp\/v2\/types\/post"}],"author":[{"embeddable":true,"href":"https:\/\/blogs.correiobraziliense.com.br\/vicente\/wp-json\/wp\/v2\/users\/22"}],"replies":[{"embeddable":true,"href":"https:\/\/blogs.correiobraziliense.com.br\/vicente\/wp-json\/wp\/v2\/comments?post=7239"}],"version-history":[{"count":1,"href":"https:\/\/blogs.correiobraziliense.com.br\/vicente\/wp-json\/wp\/v2\/posts\/7239\/revisions"}],"predecessor-version":[{"id":7240,"href":"https:\/\/blogs.correiobraziliense.com.br\/vicente\/wp-json\/wp\/v2\/posts\/7239\/revisions\/7240"}],"wp:attachment":[{"href":"https:\/\/blogs.correiobraziliense.com.br\/vicente\/wp-json\/wp\/v2\/media?parent=7239"}],"wp:term":[{"taxonomy":"category","embeddable":true,"href":"https:\/\/blogs.correiobraziliense.com.br\/vicente\/wp-json\/wp\/v2\/categories?post=7239"},{"taxonomy":"post_tag","embeddable":true,"href":"https:\/\/blogs.correiobraziliense.com.br\/vicente\/wp-json\/wp\/v2\/tags?post=7239"}],"curies":[{"name":"wp","href":"https:\/\/api.w.org\/{rel}","templated":true}]}}