{"id":7235,"date":"2018-02-21T11:15:54","date_gmt":"2018-02-21T14:15:54","guid":{"rendered":"https:\/\/blogs.correiobraziliense.com.br\/vicente\/?p=7235"},"modified":"2018-02-21T11:44:54","modified_gmt":"2018-02-21T14:44:54","slug":"parte-da-equipe-economica-culpa-meirelles-por-crise-com-o-congresso","status":"publish","type":"post","link":"https:\/\/blogs.correiobraziliense.com.br\/vicente\/parte-da-equipe-economica-culpa-meirelles-por-crise-com-o-congresso\/","title":{"rendered":"Parte da equipe econ\u00f4mica culpa Meirelles por crise com o Congresso"},"content":{"rendered":"<h2>Integrantes da equipe econ\u00f4mica culpam o ministro da Fazenda, Henrique Meirelles, pela crise aberta entre o governo e o Congresso. Na vis\u00e3o deles, Meirelles criou o factoide de lan\u00e7ar um pacote de 15 medidas para compensar as perdas com o fim da reforma da Previd\u00eancia. Tudo para difundir a vis\u00e3o de que o governo n\u00e3o est\u00e1 parado. O ministro n\u00e3o queria posar de derrotado, j\u00e1 que ele foi o maior defensor da reforma.<\/h2>\n<p>&nbsp;<\/p>\n<p>Desde o in\u00edcio, t\u00e9cnicos alertaram que o tal &#8220;Plano B&#8221; era uma bobagem, uma vez que a maior parte das medidas j\u00e1 est\u00e1 em an\u00e1lise pelo Congresso e pouco efeito ter\u00e3o a curto prazo, sobretudo em rela\u00e7\u00e3o aos cofres p\u00fablicos. Mas Meirelles convenceu o Pal\u00e1cio do Planalto a divulgar as medidas \u00e0s pressas, como se todos os problemas da economia fossem ser resolvidos. O ministro da Fazenda tamb\u00e9m defendeu mudan\u00e7as na Previd\u00eancia por meio de projeto de lei, o que foi defenestrado pela c\u00fapula pol\u00edtica do Planalto.<\/p>\n<p>&nbsp;<\/p>\n<p>Na avalia\u00e7\u00e3o de t\u00e9cnicos da equipe econ\u00f4mica, a Fazenda est\u00e1 atropelando demais os fatos, por causa do desejo enorme de Meirelles de ser candidato \u00e0 Presid\u00eancia da Rep\u00fablica. Esse movimento do ministro, por sinal, tem provocado um descompasso entre os discursos da Fazenda e do Planejamento. Economistas de bancos privados que t\u00eam conversado com as duas equipes ouvem coisas completamente diferentes de um lado e de outro, o que causa apreens\u00e3o.<\/p>\n<p>&nbsp;<\/p>\n<p>Agora, o governo tenta conter o estrago provocado pela pressa de Meirelles. O presidente Michel Temer j\u00e1 falou com os presidentes da C\u00e2mara, Rodrigo Maia, e do Senado, Eun\u00edcio Oliveira, aos quais garantiu que n\u00e3o h\u00e1 nenhuma inten\u00e7\u00e3o do Executivo de pautar o Congresso. Muito pelo contr\u00e1rio. O que o Planalto espera \u00e9 parceira do Legislativo nesse per\u00edodo de interven\u00e7\u00e3o federal no sistema de seguran\u00e7a do Rio de Janeiro.<\/p>\n<p>&nbsp;<\/p>\n<p>Temer refor\u00e7ou a Maia e a Eun\u00edcio a gratid\u00e3o pelo esfor\u00e7o que fizeram para aprovar, em tempo recorde, o decreto que retira do governador fluminense, Luiz Fernando Pez\u00e3o, o poder de comandar as for\u00e7as policiais do estado. Agora, tanto a Pol\u00edcia Militar, quanto a Pol\u00edcia Civil e o Corpo de Bombeiros do Rio est\u00e3o sob o comando do general Braga Netto.<\/p>\n<p>&nbsp;<\/p>\n<p><em>Bras\u00edlia, 11h15min<\/em><\/p>\n","protected":false},"excerpt":{"rendered":"<p>Integrantes da equipe econ\u00f4mica culpam o ministro da Fazenda, Henrique Meirelles, pela crise aberta entre o governo e o Congresso. Na vis\u00e3o deles, Meirelles criou o factoide de lan\u00e7ar um pacote de 15 medidas para compensar as perdas com o fim da reforma da Previd\u00eancia. Tudo para difundir a vis\u00e3o de que o governo n\u00e3o [&hellip;]<\/p>\n","protected":false},"author":22,"featured_media":0,"comment_status":"open","ping_status":"closed","sticky":false,"template":"","format":"standard","meta":{"footnotes":""},"categories":[600],"tags":[254,179,2489,2432,656,125],"class_list":["post-7235","post","type-post","status-publish","format-standard","hentry","category-economia","tag-congresso","tag-crise","tag-eunicio","tag-meirelles","tag-rodrigo-maia","tag-temer"],"_links":{"self":[{"href":"https:\/\/blogs.correiobraziliense.com.br\/vicente\/wp-json\/wp\/v2\/posts\/7235","targetHints":{"allow":["GET"]}}],"collection":[{"href":"https:\/\/blogs.correiobraziliense.com.br\/vicente\/wp-json\/wp\/v2\/posts"}],"about":[{"href":"https:\/\/blogs.correiobraziliense.com.br\/vicente\/wp-json\/wp\/v2\/types\/post"}],"author":[{"embeddable":true,"href":"https:\/\/blogs.correiobraziliense.com.br\/vicente\/wp-json\/wp\/v2\/users\/22"}],"replies":[{"embeddable":true,"href":"https:\/\/blogs.correiobraziliense.com.br\/vicente\/wp-json\/wp\/v2\/comments?post=7235"}],"version-history":[{"count":1,"href":"https:\/\/blogs.correiobraziliense.com.br\/vicente\/wp-json\/wp\/v2\/posts\/7235\/revisions"}],"predecessor-version":[{"id":7236,"href":"https:\/\/blogs.correiobraziliense.com.br\/vicente\/wp-json\/wp\/v2\/posts\/7235\/revisions\/7236"}],"wp:attachment":[{"href":"https:\/\/blogs.correiobraziliense.com.br\/vicente\/wp-json\/wp\/v2\/media?parent=7235"}],"wp:term":[{"taxonomy":"category","embeddable":true,"href":"https:\/\/blogs.correiobraziliense.com.br\/vicente\/wp-json\/wp\/v2\/categories?post=7235"},{"taxonomy":"post_tag","embeddable":true,"href":"https:\/\/blogs.correiobraziliense.com.br\/vicente\/wp-json\/wp\/v2\/tags?post=7235"}],"curies":[{"name":"wp","href":"https:\/\/api.w.org\/{rel}","templated":true}]}}