{"id":7226,"date":"2018-02-17T06:54:19","date_gmt":"2018-02-17T08:54:19","guid":{"rendered":"https:\/\/blogs.correiobraziliense.com.br\/vicente\/?p=7226"},"modified":"2018-02-17T13:04:14","modified_gmt":"2018-02-17T15:04:14","slug":"correio-economico-coracao-partido-pelo-rio","status":"publish","type":"post","link":"https:\/\/blogs.correiobraziliense.com.br\/vicente\/correio-economico-coracao-partido-pelo-rio\/","title":{"rendered":"Correio Econ\u00f4mico: Cora\u00e7\u00e3o partido pelo Rio"},"content":{"rendered":"<h2>Meu amor pelo Rio de Janeiro \u00e9 incondicional. Escolhi a cidade para viver ainda no final da minha adolesc\u00eancia. Ali, fiz amigos que vou carregar no peito por toda a vida. \u00c9 triste demais ver a cidade mais linda do mundo mergulhada no caos, dominada pela viol\u00eancia e pela corrup\u00e7\u00e3o. \u00c9 do\u00eddo dizer que n\u00e3o havia outra sa\u00edda para o Rio a n\u00e3o ser a interven\u00e7\u00e3o federal decretada pelo presidente Michel Temer. O crime organizado \u2014 a\u00ed inclu\u00eddos os pol\u00edticos \u2014 passou de todos os limites.<\/h2>\n<p>&nbsp;<\/p>\n<p>A degrada\u00e7\u00e3o do Rio foi ocorrendo sem que ningu\u00e9m tomasse as medidas necess\u00e1rias para cont\u00ea-la. Governo ap\u00f3s governo, o estado e, sobretudo, a capital afundavam tanto do ponto de vista econ\u00f4mico quanto do \u00e9tico e da seguran\u00e7a p\u00fablica. O crime organizado se infiltrou t\u00e3o profundamente na m\u00e1quina governamental, que j\u00e1 n\u00e3o se pode dizer onde come\u00e7ava o governo eleito pelo povo e onde acabava o Estado paralelo. N\u00e3o por acaso, tr\u00eas ex-governadores foram parar atr\u00e1s das grades.<\/p>\n<p>&nbsp;<\/p>\n<p>\u00c9 dif\u00edcil dizer se a interven\u00e7\u00e3o federal dar\u00e1 certo, tamanho o atoleiro no qual o Rio se meteu. Pode-se afirmar, por\u00e9m, que o governador Luiz Fernando Pez\u00e3o n\u00e3o tem a menor condi\u00e7\u00e3o de continuar no cargo. Na verdade, ele nunca deveria ter assumido o comando do estado. Al\u00e9m de incompetente, \u00e9 suspeito de corrup\u00e7\u00e3o. Pez\u00e3o s\u00f3 conseguiu chegar aonde chegou gra\u00e7as aos bilh\u00f5es despejados no Rio pelas administra\u00e7\u00f5es dos petistas Lula e Dilma Rousseff e \u00e0 farsa montada por S\u00e9rgio Cabral, o ex-governador que est\u00e1 preso por ter comandado uma quadrilha que saqueou os cofres p\u00fablicos.<\/p>\n<p>&nbsp;<\/p>\n<p><strong>Terra de ningu\u00e9m<\/strong><\/p>\n<p>&nbsp;<\/p>\n<p>A entrega da seguran\u00e7a p\u00fablica do Rio \u00e0s For\u00e7as Armadas deveria ter ocorrido muito antes. Mas pesaram os interesses pol\u00edticos. Michel Temer n\u00e3o quis comprar briga com os partidos aliados, em especial, o MDB, do qual faz parte. O partido liderou a roubalheira que transformou o estado em terra de ningu\u00e9m. A partir do momento em que se constatou a fal\u00eancia econ\u00f4mica do Rio, com atraso generalizado no pagamento de servidores e aposentados, o Pal\u00e1cio do Planalto poderia ter decretado a interven\u00e7\u00e3o. Mas usou como desculpa para fechar os olhos a necessidade de aprova\u00e7\u00e3o da reforma da Previd\u00eancia, que ainda n\u00e3o passou e dificilmente passar\u00e1 pelo crivo do Congresso.<\/p>\n<p>&nbsp;<\/p>\n<p>A derrocada financeira do Rio fez a situa\u00e7\u00e3o degringolar de vez. A viol\u00eancia, que j\u00e1 era absurda, ganhou propor\u00e7\u00f5es gigantescas. E n\u00e3o se restringiu \u00e0 capital do estado, comandada por outro incompetente, o bispo Marcelo Crivella. Infelizmente, o Planalto s\u00f3 resolveu agir agora porque o crime chegou com tudo \u00e0 Zona Sul. Quem vive nas \u00e1reas menos abastadas da cidade que j\u00e1 foi maravilhosa tem sido massacrado pelo crime h\u00e1 muito tempo. Chegou-se ao ponto de os bandidos roubarem bolsas de compras de senhoras nas sa\u00eddas dos supermercados.<\/p>\n<p>&nbsp;<\/p>\n<p>N\u00e3o \u00e9 s\u00f3. A popula\u00e7\u00e3o passou a ver policiais como bandidos. \u00c9 comum ouvir nas ruas da cidade do Rio muitas pessoas do bem dizerem que t\u00eam mais medo daqueles que deveriam proteg\u00ea-las do que de marginais. A corrup\u00e7\u00e3o n\u00e3o se restringe aos policias de baixo clero. Est\u00e1, principalmente, nos altos escal\u00f5es das pol\u00edcias. Essa estrutura corrompida se tornou t\u00e3o poderosa que nenhum governante ousou enfrent\u00e1-la. O resultado disso foi a explos\u00e3o de viol\u00eancia que ceifa milhares de vidas todos os anos e torna a sociedade ref\u00e9m, o que \u00e9 inadmiss\u00edvel.<\/p>\n<p>&nbsp;<\/p>\n<p><strong>Outubro \u00e9 ali<\/strong><\/p>\n<p>&nbsp;<\/p>\n<p>\u00c9 duro dizer, mas o Rio est\u00e1 podre. Ainda que a interven\u00e7\u00e3o federal surta efeito, o estado levar\u00e1 anos para ser reconstru\u00eddo. Ser\u00e1 preciso limpar a corrup\u00e7\u00e3o que domina a \u00e1rea de seguran\u00e7a, reordenar as finan\u00e7as e reconquistar a confian\u00e7a da popula\u00e7\u00e3o. Os cidad\u00e3os do Rio est\u00e3o c\u00e9ticos, cansados de promessas. H\u00e1 anos v\u00eam ouvindo que o Rio daria a volta por cima. Isso nunca aconteceu. O curto per\u00edodo em que a sensa\u00e7\u00e3o de seguran\u00e7a deu as caras foi pura fic\u00e7\u00e3o.<\/p>\n<p>&nbsp;<\/p>\n<p>Mas que fique claro: a popula\u00e7\u00e3o tamb\u00e9m ter\u00e1 papel preponderante nesse processo de limpeza e reconstru\u00e7\u00e3o do Rio. Ter\u00e1 que votar melhor. N\u00e3o \u00e9 poss\u00edvel que os cidad\u00e3os fluminenses continuem votando em S\u00e9rgio Cabral, em Garotinho, em Rosinha, em Pez\u00e3o, em Benedita da Silva, em Eduardo Cunha, em Jorge Picciani, em Roberto Jefferson, em Cristiane Brasil, em Marcello Crivella. Diz um ditado que cada povo tem o governo que merece. J\u00e1 passou da hora de o Rio mostrar que quer o melhor. Pode n\u00e3o parecer, mas outubro est\u00e1 quase ali.<\/p>\n<p>&nbsp;<\/p>\n<p><em>Bras\u00edlia, 06h54min<\/em><\/p>\n","protected":false},"excerpt":{"rendered":"<p>Meu amor pelo Rio de Janeiro \u00e9 incondicional. Escolhi a cidade para viver ainda no final da minha adolesc\u00eancia. Ali, fiz amigos que vou carregar no peito por toda a vida. \u00c9 triste demais ver a cidade mais linda do mundo mergulhada no caos, dominada pela viol\u00eancia e pela corrup\u00e7\u00e3o. \u00c9 do\u00eddo dizer que n\u00e3o [&hellip;]<\/p>\n","protected":false},"author":22,"featured_media":0,"comment_status":"open","ping_status":"closed","sticky":false,"template":"","format":"standard","meta":{"footnotes":""},"categories":[600],"tags":[3156,1592,710,111,1172],"class_list":["post-7226","post","type-post","status-publish","format-standard","hentry","category-economia","tag-crime-organizado","tag-forcas-armadas","tag-intervencao","tag-michel-temer","tag-rio-de-janeiro"],"_links":{"self":[{"href":"https:\/\/blogs.correiobraziliense.com.br\/vicente\/wp-json\/wp\/v2\/posts\/7226","targetHints":{"allow":["GET"]}}],"collection":[{"href":"https:\/\/blogs.correiobraziliense.com.br\/vicente\/wp-json\/wp\/v2\/posts"}],"about":[{"href":"https:\/\/blogs.correiobraziliense.com.br\/vicente\/wp-json\/wp\/v2\/types\/post"}],"author":[{"embeddable":true,"href":"https:\/\/blogs.correiobraziliense.com.br\/vicente\/wp-json\/wp\/v2\/users\/22"}],"replies":[{"embeddable":true,"href":"https:\/\/blogs.correiobraziliense.com.br\/vicente\/wp-json\/wp\/v2\/comments?post=7226"}],"version-history":[{"count":1,"href":"https:\/\/blogs.correiobraziliense.com.br\/vicente\/wp-json\/wp\/v2\/posts\/7226\/revisions"}],"predecessor-version":[{"id":7227,"href":"https:\/\/blogs.correiobraziliense.com.br\/vicente\/wp-json\/wp\/v2\/posts\/7226\/revisions\/7227"}],"wp:attachment":[{"href":"https:\/\/blogs.correiobraziliense.com.br\/vicente\/wp-json\/wp\/v2\/media?parent=7226"}],"wp:term":[{"taxonomy":"category","embeddable":true,"href":"https:\/\/blogs.correiobraziliense.com.br\/vicente\/wp-json\/wp\/v2\/categories?post=7226"},{"taxonomy":"post_tag","embeddable":true,"href":"https:\/\/blogs.correiobraziliense.com.br\/vicente\/wp-json\/wp\/v2\/tags?post=7226"}],"curies":[{"name":"wp","href":"https:\/\/api.w.org\/{rel}","templated":true}]}}