{"id":7223,"date":"2018-02-16T18:01:03","date_gmt":"2018-02-16T20:01:03","guid":{"rendered":"https:\/\/blogs.correiobraziliense.com.br\/vicente\/?p=7223"},"modified":"2018-02-16T18:35:04","modified_gmt":"2018-02-16T20:35:04","slug":"pf-tem-megaoperacao-programada-para-o-rio-de-janeiro","status":"publish","type":"post","link":"https:\/\/blogs.correiobraziliense.com.br\/vicente\/pf-tem-megaoperacao-programada-para-o-rio-de-janeiro\/","title":{"rendered":"PF tem megaopera\u00e7\u00e3o programada para o Rio de Janeiro"},"content":{"rendered":"<h2>N\u00e3o bastasse a interven\u00e7\u00e3o federal na \u00e1rea de seguran\u00e7a, o Rio de Janeiro ser\u00e1, muito em breve, palco de uma megaopera\u00e7\u00e3o da Pol\u00edcia Federal. Denominada Opera\u00e7\u00e3o Uni\u00e3o Rio, ter\u00e1 como alvo o combate ao crime organizado.<\/h2>\n<p>&nbsp;<\/p>\n<p>Se tudo correr como o planejado pela Pol\u00edcia Federal, pol\u00edticos de alto calibre do Rio estar\u00e3o entre os alvos. Ser\u00e1 mais um marco de como o crime organizado tomou conta da pol\u00edtica fluminense e corrompeu todo o estado. A PF est\u00e1 colhendo provas suficientes para levar para tr\u00e1s das grades os envolvidos com o crime.<\/p>\n<p>&nbsp;<\/p>\n<p>Segundo fontes do <strong>Blog<\/strong>, a Opera\u00e7\u00e3o Uni\u00e3o Rio (o nome ainda pode mudar) vem sendo estruturada desde o ano passado. Foi programada para o in\u00edcio de 2018, mas ainda depende de alguns ajustes. Nada muito complicado.<\/p>\n<p>&nbsp;<\/p>\n<p>A \u00e1rea de intelig\u00eancia da PF n\u00e3o quer deixar nenhum ponto em aberto, sobretudo agora, com o Rio sob interven\u00e7\u00e3o federal. A expectativa \u00e9 grande, especialmente pela repercuss\u00e3o que as pris\u00f5es tendem a ter.<\/p>\n<p>&nbsp;<\/p>\n<p><em>Bras\u00edlia, 18h01min<\/em><\/p>\n","protected":false},"excerpt":{"rendered":"<p>N\u00e3o bastasse a interven\u00e7\u00e3o federal na \u00e1rea de seguran\u00e7a, o Rio de Janeiro ser\u00e1, muito em breve, palco de uma megaopera\u00e7\u00e3o da Pol\u00edcia Federal. Denominada Opera\u00e7\u00e3o Uni\u00e3o Rio, ter\u00e1 como alvo o combate ao crime organizado. &nbsp; Se tudo correr como o planejado pela Pol\u00edcia Federal, pol\u00edticos de alto calibre do Rio estar\u00e3o entre os [&hellip;]<\/p>\n","protected":false},"author":22,"featured_media":0,"comment_status":"open","ping_status":"closed","sticky":false,"template":"","format":"standard","meta":{"footnotes":""},"categories":[600],"tags":[3156,3154,126,3155],"class_list":["post-7223","post","type-post","status-publish","format-standard","hentry","category-economia","tag-crime-organizado","tag-megaoperacao","tag-policia-federal","tag-uniao-rio"],"_links":{"self":[{"href":"https:\/\/blogs.correiobraziliense.com.br\/vicente\/wp-json\/wp\/v2\/posts\/7223","targetHints":{"allow":["GET"]}}],"collection":[{"href":"https:\/\/blogs.correiobraziliense.com.br\/vicente\/wp-json\/wp\/v2\/posts"}],"about":[{"href":"https:\/\/blogs.correiobraziliense.com.br\/vicente\/wp-json\/wp\/v2\/types\/post"}],"author":[{"embeddable":true,"href":"https:\/\/blogs.correiobraziliense.com.br\/vicente\/wp-json\/wp\/v2\/users\/22"}],"replies":[{"embeddable":true,"href":"https:\/\/blogs.correiobraziliense.com.br\/vicente\/wp-json\/wp\/v2\/comments?post=7223"}],"version-history":[{"count":1,"href":"https:\/\/blogs.correiobraziliense.com.br\/vicente\/wp-json\/wp\/v2\/posts\/7223\/revisions"}],"predecessor-version":[{"id":7224,"href":"https:\/\/blogs.correiobraziliense.com.br\/vicente\/wp-json\/wp\/v2\/posts\/7223\/revisions\/7224"}],"wp:attachment":[{"href":"https:\/\/blogs.correiobraziliense.com.br\/vicente\/wp-json\/wp\/v2\/media?parent=7223"}],"wp:term":[{"taxonomy":"category","embeddable":true,"href":"https:\/\/blogs.correiobraziliense.com.br\/vicente\/wp-json\/wp\/v2\/categories?post=7223"},{"taxonomy":"post_tag","embeddable":true,"href":"https:\/\/blogs.correiobraziliense.com.br\/vicente\/wp-json\/wp\/v2\/tags?post=7223"}],"curies":[{"name":"wp","href":"https:\/\/api.w.org\/{rel}","templated":true}]}}