{"id":7220,"date":"2018-02-16T09:30:59","date_gmt":"2018-02-16T11:30:59","guid":{"rendered":"https:\/\/blogs.correiobraziliense.com.br\/vicente\/?p=7220"},"modified":"2018-02-16T14:09:52","modified_gmt":"2018-02-16T16:09:52","slug":"petrobras-faz-maior-reducao-nos-precos-da-gasolina-fim-de-semana-pode-ser-de-baixa-nos-postos","status":"publish","type":"post","link":"https:\/\/blogs.correiobraziliense.com.br\/vicente\/petrobras-faz-maior-reducao-nos-precos-da-gasolina-fim-de-semana-pode-ser-de-baixa-nos-postos\/","title":{"rendered":"Petrobras faz maior redu\u00e7\u00e3o nos pre\u00e7os da gasolina. Fim de semana pode ser de baixa nos postos"},"content":{"rendered":"<h2>HAMILTON FERRARI<\/h2>\n<h2><\/h2>\n<h2>A Petrobras deu uma boa not\u00edcia aos consumidores. A estatal anunciou nesta sexta-feira, 16, a maior redu\u00e7\u00e3o no valor da gasolina nas refinarias desde a ado\u00e7\u00e3o da atual pol\u00edtica de pre\u00e7os, em julho de 2017. \u00a0A queda foi de 3,9%. A expectativa \u00e9 de que o fim de semana seja de baixa de pre\u00e7os nas bombas dos postos de combust\u00edveis.<\/h2>\n<p>&nbsp;<\/p>\n<p>No Distrito Federal, a maior parte dos postos est\u00e1 cobrando R$ 4,29 pelo litro da gasolina. Mas \u00e9 poss\u00edvel encher o tanque por R$ 3,89 em alguns estabelecimentos, desde que os motoristas se disponham a enfrentar filas de at\u00e9 30 minutos. Os especialistas dizem que a espera vale a pena. Faz bem \u00e0 sa\u00fade do bolso.<\/p>\n<p>&nbsp;<\/p>\n<p>Os consumidores, ressaltam os especialistas, devem priorizar os pre\u00e7os mais baixos. Em tempos de crise, como o que estamos vivendo, qualquer real economizado far\u00e1 diferen\u00e7a no fim do m\u00eas. O governo est\u00e1 de olho para ver se os postos repassar\u00e3o \u00e0s bombas os valores mais baixos nas refinarias. O Pal\u00e1cio do Planalto denunciou ao Conselho Administrativo de Defesa da Concorr\u00eancia (Cade) a forma\u00e7\u00e3o de cartel no setor de combust\u00edveis em todo o pa\u00eds.<\/p>\n<p>&nbsp;<\/p>\n<p>Pelos c\u00e1lculos dos especialistas, com a queda de 3,9% desta sexta-feira, a gasolina, que chegou a acumular alta de mais de 20%, aponta, agora, aumento de 6% desde julho passado. Eles ressaltam que, em pouco mais de uma semana, a Petrobras fez dois cortes expressivos nos pre\u00e7os da gasolina. Em 9 de fevereiro, por exemplo, o valor da gasolina havia ca\u00eddo 3%. As justificativas da estatal para esse movimento s\u00e3o a queda do petr\u00f3leo no mercado internacional e a estabilidade das cota\u00e7\u00f5es do d\u00f3lar.<\/p>\n<p>&nbsp;<\/p>\n<p>A Petrobras tamb\u00e9m anunciou redu\u00e7\u00e3o nos\u00a0pre\u00e7os do diesel nas refinarias de 2,3%. Se repassado \u00e0s bombas, o recuo de pre\u00e7os ajudar\u00e1 a reduzir os pre\u00e7os dos fretes, uma boa not\u00edcia para a infla\u00e7\u00e3o. Segundo o sindicato que representa os postos, os quase 40 mil estabelecimentos que concorrem no mercado n\u00e3o repassam as decis\u00f5es da Petrobras imediatamente para os consumidores.<\/p>\n<p>&nbsp;<\/p>\n<p><em>Bras\u00edlia, 09h30min<\/em><\/p>\n","protected":false},"excerpt":{"rendered":"<p>HAMILTON FERRARI A Petrobras deu uma boa not\u00edcia aos consumidores. A estatal anunciou nesta sexta-feira, 16, a maior redu\u00e7\u00e3o no valor da gasolina nas refinarias desde a ado\u00e7\u00e3o da atual pol\u00edtica de pre\u00e7os, em julho de 2017. \u00a0A queda foi de 3,9%. A expectativa \u00e9 de que o fim de semana seja de baixa de [&hellip;]<\/p>\n","protected":false},"author":22,"featured_media":0,"comment_status":"open","ping_status":"closed","sticky":false,"template":"","format":"standard","meta":{"footnotes":""},"categories":[600],"tags":[552,268,228,390,719],"class_list":["post-7220","post","type-post","status-publish","format-standard","hentry","category-economia","tag-consumidores","tag-gasolina","tag-petrobras","tag-precos","tag-reducao"],"_links":{"self":[{"href":"https:\/\/blogs.correiobraziliense.com.br\/vicente\/wp-json\/wp\/v2\/posts\/7220","targetHints":{"allow":["GET"]}}],"collection":[{"href":"https:\/\/blogs.correiobraziliense.com.br\/vicente\/wp-json\/wp\/v2\/posts"}],"about":[{"href":"https:\/\/blogs.correiobraziliense.com.br\/vicente\/wp-json\/wp\/v2\/types\/post"}],"author":[{"embeddable":true,"href":"https:\/\/blogs.correiobraziliense.com.br\/vicente\/wp-json\/wp\/v2\/users\/22"}],"replies":[{"embeddable":true,"href":"https:\/\/blogs.correiobraziliense.com.br\/vicente\/wp-json\/wp\/v2\/comments?post=7220"}],"version-history":[{"count":2,"href":"https:\/\/blogs.correiobraziliense.com.br\/vicente\/wp-json\/wp\/v2\/posts\/7220\/revisions"}],"predecessor-version":[{"id":7222,"href":"https:\/\/blogs.correiobraziliense.com.br\/vicente\/wp-json\/wp\/v2\/posts\/7220\/revisions\/7222"}],"wp:attachment":[{"href":"https:\/\/blogs.correiobraziliense.com.br\/vicente\/wp-json\/wp\/v2\/media?parent=7220"}],"wp:term":[{"taxonomy":"category","embeddable":true,"href":"https:\/\/blogs.correiobraziliense.com.br\/vicente\/wp-json\/wp\/v2\/categories?post=7220"},{"taxonomy":"post_tag","embeddable":true,"href":"https:\/\/blogs.correiobraziliense.com.br\/vicente\/wp-json\/wp\/v2\/tags?post=7220"}],"curies":[{"name":"wp","href":"https:\/\/api.w.org\/{rel}","templated":true}]}}