{"id":7212,"date":"2018-02-16T10:01:46","date_gmt":"2018-02-16T12:01:46","guid":{"rendered":"https:\/\/blogs.correiobraziliense.com.br\/vicente\/?p=7212"},"modified":"2018-02-16T20:53:19","modified_gmt":"2018-02-16T22:53:19","slug":"infelizmente-o-rio-caiu-de-podre-intervencao-vem-tarde","status":"publish","type":"post","link":"https:\/\/blogs.correiobraziliense.com.br\/vicente\/infelizmente-o-rio-caiu-de-podre-intervencao-vem-tarde\/","title":{"rendered":"Infelizmente, o Rio caiu de podre. Interven\u00e7\u00e3o vem tarde"},"content":{"rendered":"<h2>\u00c9 duro ver o Rio de Janeiro mergulhado no caos. As cenas de viol\u00eancia que marcaram o carnaval provocaram revolta. N\u00e3o havia, portanto, outro caminho a n\u00e3o ser decretar a interven\u00e7\u00e3o federal na \u00e1rea de seguran\u00e7a do Rio. O governador Luiz Fernando Pez\u00e3o se mostrou totalmente incapacitado para dar uma resposta contundente \u00e0 onda de viol\u00eancia que assusta a todos. Na verdade, todos se perguntam por que Pez\u00e3o continua no cargo. Ele j\u00e1 deveria ter renunciado h\u00e1 tempos. Al\u00e9m de incompetente, \u00e9 suspeito de corrup\u00e7\u00e3o.<\/h2>\n<p>&nbsp;<\/p>\n<p>H\u00e1 meses se discute uma interven\u00e7\u00e3o no Rio. Cogitou-se isso quando se constatou a fal\u00eancia das finan\u00e7as do estado. O governo federal, no entanto, preferiu recorrer a medidas paliativas para mascarar os graves problemas do Rio, pois queria aprovar, a qualquer custo, a reforma da Previd\u00eancia Social. Por lei, quando se decreta interven\u00e7\u00e3o federal em um estado, o Congresso fica impedido de votar propostas de mudan\u00e7as na Constitui\u00e7\u00e3o. Agora, o presidente Michel Temer acredita que pode suspender temporariamente a interven\u00e7\u00e3o e votar as mudan\u00e7as no sistema de aposentadorias. Muita gente dentro do Planalto n\u00e3o acredita nisso. E recomenda a Temer que use a interven\u00e7\u00e3o do Rio para mudar a agenda do governo.<\/p>\n<p>&nbsp;<\/p>\n<p>Desde que se constatou a fal\u00eancia financeira do Rio, a situa\u00e7\u00e3o degringolou de vez. As finan\u00e7as do estado ru\u00edram, mesmo com o socorro federal. A viol\u00eancia ganhou propor\u00e7\u00f5es gigantescas. E n\u00e3o se restringiu \u00e0 cidade do Rio, comandada por outro incompetente, o bispo Marcelo Crivella. Espalhou-se por todo o estado. Um reflexo de toda a roubalheira que, durante anos, dominou o governo local. O Rio viu tr\u00eas ex-governadores serem presos, assim como o presidente da Assembleia Legislativa. As quadrilhas que dominam o tr\u00e1fico e o mercado ilegal de armas se sentiram poderosas para ampliar o espa\u00e7o deixado por um Estado ausente e corrupto.<\/p>\n<p>&nbsp;<\/p>\n<p>A interven\u00e7\u00e3o federal na seguran\u00e7a p\u00fablica n\u00e3o vai resolver os problemas do Rio. N\u00e3o a curto prazo. O Rio est\u00e1 podre. Levar\u00e1 anos para se reconstruir o estado, limpar a corrup\u00e7\u00e3o que domina a \u00e1rea de seguran\u00e7a local, reordenar as finan\u00e7as locais e reconquistar a confian\u00e7a da popula\u00e7\u00e3o. Os cidad\u00e3os do Rio est\u00e3o c\u00e9ticos, cansados de promessas. H\u00e1 anos v\u00eam ouvindo que o Rio daria a volta por cima. Isso nunca aconteceu. O curto per\u00edodo em que a sensa\u00e7\u00e3o de seguran\u00e7a deu as caras foi pura fic\u00e7\u00e3o.<\/p>\n<p>&nbsp;<\/p>\n<p>\u00c0 popula\u00e7\u00e3o tamb\u00e9m caber\u00e1 o seu papel nesse processo de limpeza e reconstru\u00e7\u00e3o do Rio. Ter\u00e1 que votar melhor. N\u00e3o \u00e9 poss\u00edvel que os cidad\u00e3os fluminenses continuem votando em S\u00e9rgio Cabral, Garotinho, Rosinha, Pez\u00e3o, Benedita da Silva, Eduardo Cunha, Jorge Picciani, Roberto Jefferson, Cristiane Brasil, Marcello Crivella. Diz um ditado que cada povo tem o governo que merece. J\u00e1 passou da hora de o Rio mostrar que quer o melhor. Outubro est\u00e1 quase ali.<\/p>\n<p>&nbsp;<\/p>\n<p><em>Bras\u00edlia, 10h01min<\/em><\/p>\n","protected":false},"excerpt":{"rendered":"<p>\u00c9 duro ver o Rio de Janeiro mergulhado no caos. As cenas de viol\u00eancia que marcaram o carnaval provocaram revolta. N\u00e3o havia, portanto, outro caminho a n\u00e3o ser decretar a interven\u00e7\u00e3o federal na \u00e1rea de seguran\u00e7a do Rio. O governador Luiz Fernando Pez\u00e3o se mostrou totalmente incapacitado para dar uma resposta contundente \u00e0 onda de [&hellip;]<\/p>\n","protected":false},"author":22,"featured_media":0,"comment_status":"open","ping_status":"closed","sticky":false,"template":"","format":"standard","meta":{"footnotes":""},"categories":[600],"tags":[1592,3144,111,3145,273],"class_list":["post-7212","post","type-post","status-publish","format-standard","hentry","category-economia","tag-forcas-armadas","tag-intervencao-federal","tag-michel-temer","tag-pezao","tag-rio"],"_links":{"self":[{"href":"https:\/\/blogs.correiobraziliense.com.br\/vicente\/wp-json\/wp\/v2\/posts\/7212","targetHints":{"allow":["GET"]}}],"collection":[{"href":"https:\/\/blogs.correiobraziliense.com.br\/vicente\/wp-json\/wp\/v2\/posts"}],"about":[{"href":"https:\/\/blogs.correiobraziliense.com.br\/vicente\/wp-json\/wp\/v2\/types\/post"}],"author":[{"embeddable":true,"href":"https:\/\/blogs.correiobraziliense.com.br\/vicente\/wp-json\/wp\/v2\/users\/22"}],"replies":[{"embeddable":true,"href":"https:\/\/blogs.correiobraziliense.com.br\/vicente\/wp-json\/wp\/v2\/comments?post=7212"}],"version-history":[{"count":6,"href":"https:\/\/blogs.correiobraziliense.com.br\/vicente\/wp-json\/wp\/v2\/posts\/7212\/revisions"}],"predecessor-version":[{"id":7225,"href":"https:\/\/blogs.correiobraziliense.com.br\/vicente\/wp-json\/wp\/v2\/posts\/7212\/revisions\/7225"}],"wp:attachment":[{"href":"https:\/\/blogs.correiobraziliense.com.br\/vicente\/wp-json\/wp\/v2\/media?parent=7212"}],"wp:term":[{"taxonomy":"category","embeddable":true,"href":"https:\/\/blogs.correiobraziliense.com.br\/vicente\/wp-json\/wp\/v2\/categories?post=7212"},{"taxonomy":"post_tag","embeddable":true,"href":"https:\/\/blogs.correiobraziliense.com.br\/vicente\/wp-json\/wp\/v2\/tags?post=7212"}],"curies":[{"name":"wp","href":"https:\/\/api.w.org\/{rel}","templated":true}]}}