{"id":7208,"date":"2018-02-15T09:35:49","date_gmt":"2018-02-15T11:35:49","guid":{"rendered":"https:\/\/blogs.correiobraziliense.com.br\/vicente\/?p=7208"},"modified":"2018-02-15T11:40:49","modified_gmt":"2018-02-15T13:40:49","slug":"diretores-do-bc-estao-divididos-e-ha-chance-de-novo-corte-na-selic","status":"publish","type":"post","link":"https:\/\/blogs.correiobraziliense.com.br\/vicente\/diretores-do-bc-estao-divididos-e-ha-chance-de-novo-corte-na-selic\/","title":{"rendered":"Diretores do BC est\u00e3o divididos e h\u00e1 chance de novo corte na Selic"},"content":{"rendered":"<p>ANTONIO TEM\u00d3TEO<\/p>\n<p>&nbsp;<\/p>\n<p>Os diretores do Banco Central (BC) est\u00e3o divididos sobre o fim do ciclo de corte de juros. Conforme a ata da \u00faltima reuni\u00e3o do Comit\u00ea de Pol\u00edtica Monet\u00e1ria (Copom), que reduziu a taxa para 6,75% ao ano, houve uma diverg\u00eancia entre os membros do colegiado.<\/p>\n<p>&nbsp;<\/p>\n<p>O documento informou que alguns membros manifestaram prefer\u00eancia por elevado grau de liberdade na comunica\u00e7\u00e3o sobre o pr\u00f3ximo passo da pol\u00edtica monet\u00e1ria, o que deixaria espa\u00e7o para um novo corte de juros na reuni\u00e3o do Copom de mar\u00e7o.<\/p>\n<p>&nbsp;<\/p>\n<p>Outros membros propuseram sinalizar mais fortemente a poss\u00edvel interrup\u00e7\u00e3o do ciclo de flexibiliza\u00e7\u00e3o monet\u00e1ria e manter liberdade de a\u00e7\u00e3o, mas em menor grau. Os diretores do BC ainda debateram sob que circunst\u00e2ncias seria apropriado interromper o processo de flexibiliza\u00e7\u00e3o monet\u00e1ria e em que contexto haveria espa\u00e7o para mais um corte de juros de 0,25 ponto percentual, que levaria a Selic para 6,5% ao ano.<\/p>\n<p>&nbsp;<\/p>\n<p>Na avalia\u00e7\u00e3o da autoridade monet\u00e1ria, a continuidade do ambiente com infla\u00e7\u00e3o em n\u00edveis confort\u00e1veis ou baixos abriria espa\u00e7o para essa flexibiliza\u00e7\u00e3o adicional. \u201cO mesmo ocorreria no caso de altera\u00e7\u00f5es no balan\u00e7o de riscos que resultem em menor probabilidade de aumento de pr\u00eamios de risco e consequente eleva\u00e7\u00e3o da trajet\u00f3ria prospectiva da infla\u00e7\u00e3o\u201d, informou o BC.<\/p>\n<p>&nbsp;<\/p>\n<p>Por outro lado, a equipe de Ilan Goldafajn destacou que a evolu\u00e7\u00e3o da conjuntura em linha com o cen\u00e1rio b\u00e1sico do Copom, a recupera\u00e7\u00e3o mais consistente da economia e uma piora no cen\u00e1rio internacional favoreceriam a interrup\u00e7\u00e3o do processo corte de juros.<\/p>\n<p>&nbsp;<\/p>\n<p>Na avalia\u00e7\u00e3o do diretor\u00a0 de Pesquisas e Estudos Econ\u00f4micos do Bradesco, Fernando Honorato Barbosa, a ata do Copom deixou marginalmente mais aberta a discuss\u00e3o sobre a interrup\u00e7\u00e3o do ciclo de afrouxamento monet\u00e1rio, em sua pr\u00f3xima decis\u00e3o, em mar\u00e7o.<\/p>\n<p>&nbsp;<\/p>\n<p>Com isso, ele ressaltou que a manuten\u00e7\u00e3o da taxa Selic em 6,75% ao ano dever\u00e1 ser a op\u00e7\u00e3o no pr\u00f3ximo encontro, mas que a probabilidade de novo corte de 0,25 ponto percentual aumentou. Vale lembrar que \u00e9 a primeira vez que a equipe de Ilan Goldfajn explicita diverg\u00eancia na comunica\u00e7\u00e3o sobre os pr\u00f3ximos passados do Copom.<\/p>\n<p>&nbsp;<\/p>\n<p>Na avalia\u00e7\u00e3o do economista-chefe da SulAm\u00e9rica Investimentos, Newton Rosa, o Copom parece inclinado a encerrar o ciclo de cortes da Selic. No entanto, ele alerta que n\u00e3o se pode descartar uma nova redu\u00e7\u00e3o dos juros, principalmente, diante de um cen\u00e1rio em que a infla\u00e7\u00e3o continue surpreendendo para baixo.<\/p>\n","protected":false},"excerpt":{"rendered":"<p>ANTONIO TEM\u00d3TEO &nbsp; Os diretores do Banco Central (BC) est\u00e3o divididos sobre o fim do ciclo de corte de juros. Conforme a ata da \u00faltima reuni\u00e3o do Comit\u00ea de Pol\u00edtica Monet\u00e1ria (Copom), que reduziu a taxa para 6,75% ao ano, houve uma diverg\u00eancia entre os membros do colegiado. &nbsp; O documento informou que alguns membros [&hellip;]<\/p>\n","protected":false},"author":22,"featured_media":0,"comment_status":"open","ping_status":"closed","sticky":false,"template":"","format":"standard","meta":{"footnotes":""},"categories":[600],"tags":[3,106,4,34,1319],"class_list":["post-7208","post","type-post","status-publish","format-standard","hentry","category-economia","tag-banco-central","tag-bc","tag-juros","tag-selic","tag-taxa-basica-de-juros"],"_links":{"self":[{"href":"https:\/\/blogs.correiobraziliense.com.br\/vicente\/wp-json\/wp\/v2\/posts\/7208","targetHints":{"allow":["GET"]}}],"collection":[{"href":"https:\/\/blogs.correiobraziliense.com.br\/vicente\/wp-json\/wp\/v2\/posts"}],"about":[{"href":"https:\/\/blogs.correiobraziliense.com.br\/vicente\/wp-json\/wp\/v2\/types\/post"}],"author":[{"embeddable":true,"href":"https:\/\/blogs.correiobraziliense.com.br\/vicente\/wp-json\/wp\/v2\/users\/22"}],"replies":[{"embeddable":true,"href":"https:\/\/blogs.correiobraziliense.com.br\/vicente\/wp-json\/wp\/v2\/comments?post=7208"}],"version-history":[{"count":3,"href":"https:\/\/blogs.correiobraziliense.com.br\/vicente\/wp-json\/wp\/v2\/posts\/7208\/revisions"}],"predecessor-version":[{"id":7211,"href":"https:\/\/blogs.correiobraziliense.com.br\/vicente\/wp-json\/wp\/v2\/posts\/7208\/revisions\/7211"}],"wp:attachment":[{"href":"https:\/\/blogs.correiobraziliense.com.br\/vicente\/wp-json\/wp\/v2\/media?parent=7208"}],"wp:term":[{"taxonomy":"category","embeddable":true,"href":"https:\/\/blogs.correiobraziliense.com.br\/vicente\/wp-json\/wp\/v2\/categories?post=7208"},{"taxonomy":"post_tag","embeddable":true,"href":"https:\/\/blogs.correiobraziliense.com.br\/vicente\/wp-json\/wp\/v2\/tags?post=7208"}],"curies":[{"name":"wp","href":"https:\/\/api.w.org\/{rel}","templated":true}]}}