{"id":7203,"date":"2018-02-14T18:38:22","date_gmt":"2018-02-14T20:38:22","guid":{"rendered":"https:\/\/blogs.correiobraziliense.com.br\/vicente\/?p=7203"},"modified":"2018-03-05T15:30:32","modified_gmt":"2018-03-05T18:30:32","slug":"idiossincrasias-da-sapucai","status":"publish","type":"post","link":"https:\/\/blogs.correiobraziliense.com.br\/vicente\/idiossincrasias-da-sapucai\/","title":{"rendered":"Idiossincrasias da Sapuca\u00ed"},"content":{"rendered":"<h2>As duas escolas de samba que lideraram a disputa da Marques de Sapuca\u00ed \u2014 Beija-Flor e Para\u00edso do Tuiuti \u2014foram ovacionadas por denunciaram as mazelas do pa\u00eds, sobretudo a corrup\u00e7\u00e3o. Mas t\u00eam uma ficha corrida vergonhosa.<\/h2>\n<p>&nbsp;<\/p>\n<p><strong>Crimes sem castigo<\/strong><\/p>\n<p>&nbsp;<\/p>\n<p>O comandante-chefe da Beija-flor, o bicheiro An\u00edsio Abra\u00e3o David, foi condenado a quase 50 anos de pris\u00e3o por v\u00e1rios crimes, mas est\u00e1 livre. A Tuiuti se recusa a indenizar as v\u00edtimas atingidas por um carro da escola em 2017. Uma pessoa morreu.<\/p>\n<p>&nbsp;<\/p>\n<p><strong>Bras\u00edlia, 18h38min<\/strong><\/p>\n","protected":false},"excerpt":{"rendered":"<p>As duas escolas de samba que lideraram a disputa da Marques de Sapuca\u00ed \u2014 Beija-Flor e Para\u00edso do Tuiuti \u2014foram ovacionadas por denunciaram as mazelas do pa\u00eds, sobretudo a corrup\u00e7\u00e3o. Mas t\u00eam uma ficha corrida vergonhosa. &nbsp; Crimes sem castigo &nbsp; O comandante-chefe da Beija-flor, o bicheiro An\u00edsio Abra\u00e3o David, foi condenado a quase 50 [&hellip;]<\/p>\n","protected":false},"author":22,"featured_media":0,"comment_status":"open","ping_status":"closed","sticky":false,"template":"","format":"standard","meta":{"footnotes":""},"categories":[600],"tags":[3142,3143,3141],"class_list":["post-7203","post","type-post","status-publish","format-standard","hentry","category-economia","tag-beija-flor","tag-paraiso-do-tuiuti","tag-sapucai"],"_links":{"self":[{"href":"https:\/\/blogs.correiobraziliense.com.br\/vicente\/wp-json\/wp\/v2\/posts\/7203","targetHints":{"allow":["GET"]}}],"collection":[{"href":"https:\/\/blogs.correiobraziliense.com.br\/vicente\/wp-json\/wp\/v2\/posts"}],"about":[{"href":"https:\/\/blogs.correiobraziliense.com.br\/vicente\/wp-json\/wp\/v2\/types\/post"}],"author":[{"embeddable":true,"href":"https:\/\/blogs.correiobraziliense.com.br\/vicente\/wp-json\/wp\/v2\/users\/22"}],"replies":[{"embeddable":true,"href":"https:\/\/blogs.correiobraziliense.com.br\/vicente\/wp-json\/wp\/v2\/comments?post=7203"}],"version-history":[{"count":2,"href":"https:\/\/blogs.correiobraziliense.com.br\/vicente\/wp-json\/wp\/v2\/posts\/7203\/revisions"}],"predecessor-version":[{"id":7207,"href":"https:\/\/blogs.correiobraziliense.com.br\/vicente\/wp-json\/wp\/v2\/posts\/7203\/revisions\/7207"}],"wp:attachment":[{"href":"https:\/\/blogs.correiobraziliense.com.br\/vicente\/wp-json\/wp\/v2\/media?parent=7203"}],"wp:term":[{"taxonomy":"category","embeddable":true,"href":"https:\/\/blogs.correiobraziliense.com.br\/vicente\/wp-json\/wp\/v2\/categories?post=7203"},{"taxonomy":"post_tag","embeddable":true,"href":"https:\/\/blogs.correiobraziliense.com.br\/vicente\/wp-json\/wp\/v2\/tags?post=7203"}],"curies":[{"name":"wp","href":"https:\/\/api.w.org\/{rel}","templated":true}]}}