{"id":7195,"date":"2018-02-10T18:10:28","date_gmt":"2018-02-10T20:10:28","guid":{"rendered":"https:\/\/blogs.correiobraziliense.com.br\/vicente\/?p=7195"},"modified":"2018-02-10T19:29:47","modified_gmt":"2018-02-10T21:29:47","slug":"previc-esta-de-olho-em-valor-de-beneficio-pago-pela-fapes","status":"publish","type":"post","link":"https:\/\/blogs.correiobraziliense.com.br\/vicente\/previc-esta-de-olho-em-valor-de-beneficio-pago-pela-fapes\/","title":{"rendered":"Previc est\u00e1 de olho em valor de benef\u00edcio pago pela Fapes"},"content":{"rendered":"<h2>A Superintend\u00eancia Nacional de Previd\u00eancia Complementar (Previc) anda intrigada com o valor m\u00e9dio dos benef\u00edcios pagos pela Fapes, o fundo dos empregados do Banco Nacional de Desenvolvimento Econ\u00f4mico e Social (BNDES): mais de R$ 40 mil por m\u00eas.<\/h2>\n<p>&nbsp;<\/p>\n<p>A preocupa\u00e7\u00e3o faz sentido. O benef\u00edcio pago pela Fapes \u00e9 oito vezes maior do que a m\u00e9dia registrada no sistema, de R$ 5.137, como mostra a Abrapp, associa\u00e7\u00e3o que re\u00fane os fundos de pens\u00e3o.<\/p>\n<p>&nbsp;<\/p>\n<p>A Fapes, como se sabe, est\u00e1 sob supervis\u00e3o permanente da Previc, \u00f3rg\u00e3o respons\u00e1vel por regular e fiscalizar as entidades fechadas de previd\u00eancia complementar. E obrigou os participantes a contribu\u00edrem com uma taxa extra para cobrir o rombo acumulado nos \u00faltimos anos.<\/p>\n<p>&nbsp;<\/p>\n<p>Quem acompanha o dia a dia da Fapes garante que o clima na funda\u00e7\u00e3o nunca foi t\u00e3o ruim.<\/p>\n<p>&nbsp;<\/p>\n<p><em>Bras\u00edlia, 18h10min<\/em><\/p>\n","protected":false},"excerpt":{"rendered":"<p>A Superintend\u00eancia Nacional de Previd\u00eancia Complementar (Previc) anda intrigada com o valor m\u00e9dio dos benef\u00edcios pagos pela Fapes, o fundo dos empregados do Banco Nacional de Desenvolvimento Econ\u00f4mico e Social (BNDES): mais de R$ 40 mil por m\u00eas. &nbsp; A preocupa\u00e7\u00e3o faz sentido. O benef\u00edcio pago pela Fapes \u00e9 oito vezes maior do que a [&hellip;]<\/p>\n","protected":false},"author":22,"featured_media":0,"comment_status":"open","ping_status":"closed","sticky":false,"template":"","format":"standard","meta":{"footnotes":""},"categories":[600],"tags":[2545,89,796,251,3137],"class_list":["post-7195","post","type-post","status-publish","format-standard","hentry","category-economia","tag-beneficios","tag-bndes","tag-fapes","tag-previc","tag-r-40-mil"],"_links":{"self":[{"href":"https:\/\/blogs.correiobraziliense.com.br\/vicente\/wp-json\/wp\/v2\/posts\/7195","targetHints":{"allow":["GET"]}}],"collection":[{"href":"https:\/\/blogs.correiobraziliense.com.br\/vicente\/wp-json\/wp\/v2\/posts"}],"about":[{"href":"https:\/\/blogs.correiobraziliense.com.br\/vicente\/wp-json\/wp\/v2\/types\/post"}],"author":[{"embeddable":true,"href":"https:\/\/blogs.correiobraziliense.com.br\/vicente\/wp-json\/wp\/v2\/users\/22"}],"replies":[{"embeddable":true,"href":"https:\/\/blogs.correiobraziliense.com.br\/vicente\/wp-json\/wp\/v2\/comments?post=7195"}],"version-history":[{"count":1,"href":"https:\/\/blogs.correiobraziliense.com.br\/vicente\/wp-json\/wp\/v2\/posts\/7195\/revisions"}],"predecessor-version":[{"id":7196,"href":"https:\/\/blogs.correiobraziliense.com.br\/vicente\/wp-json\/wp\/v2\/posts\/7195\/revisions\/7196"}],"wp:attachment":[{"href":"https:\/\/blogs.correiobraziliense.com.br\/vicente\/wp-json\/wp\/v2\/media?parent=7195"}],"wp:term":[{"taxonomy":"category","embeddable":true,"href":"https:\/\/blogs.correiobraziliense.com.br\/vicente\/wp-json\/wp\/v2\/categories?post=7195"},{"taxonomy":"post_tag","embeddable":true,"href":"https:\/\/blogs.correiobraziliense.com.br\/vicente\/wp-json\/wp\/v2\/tags?post=7195"}],"curies":[{"name":"wp","href":"https:\/\/api.w.org\/{rel}","templated":true}]}}