{"id":7172,"date":"2018-02-08T18:15:52","date_gmt":"2018-02-08T20:15:52","guid":{"rendered":"https:\/\/blogs.correiobraziliense.com.br\/vicente\/?p=7172"},"modified":"2018-02-08T19:50:42","modified_gmt":"2018-02-08T21:50:42","slug":"junta-comercial-monta-plano-de-emergencia-para-nao-fechar-as-portas","status":"publish","type":"post","link":"https:\/\/blogs.correiobraziliense.com.br\/vicente\/junta-comercial-monta-plano-de-emergencia-para-nao-fechar-as-portas\/","title":{"rendered":"Junta Comercial monta plano de emerg\u00eancia para n\u00e3o fechar as portas"},"content":{"rendered":"<h2>A Junta Comercial do Distrito Federal montou um plano de emerg\u00eancia para n\u00e3o <a href=\"https:\/\/blogs.correiobraziliense.com.br\/vicente\/junta-comercial-de-brasilia-pode-parar-depois-do-carnaval\/\">fechar as portas<\/a> logo depois do carnaval. Em reuni\u00e3o realizada nesta quinta-feira, 8, ficou acertado a redu\u00e7\u00e3o do hor\u00e1rio de atendimento e a limita\u00e7\u00e3o de apresenta\u00e7\u00e3o de processos por pessoa (apenas tr\u00eas a cada dia).<\/h2>\n<p>&nbsp;<\/p>\n<p>Para cobrir o buraco deixado pelos 27 terceirizados que ter\u00e3o os contratos encerrados nesta sexta-feira, 9, a Junta Comercial, que t\u00eam 1,5 mil processos em an\u00e1lise, receber\u00e1 24 terceirizados contratados pelo Minist\u00e9rio da Ind\u00fastria, Com\u00e9rcio Exterior e Servi\u00e7os (Mdic). O problema \u00e9 que eles ainda est\u00e3o em treinamento, pois n\u00e3o t\u00eam qualquer familiaridade com os servi\u00e7os prestados pela Junta.<\/p>\n<p>&nbsp;<\/p>\n<p>Pelo que foi acertado, a Junta Comercial n\u00e3o abrir\u00e1 as portas na Quarta-Feira de Cinzas, 14. A partir do dia seguinte, o hor\u00e1rio de atendimento ser\u00e1 reduzido em duas horas, das 11h \u00e0s 16 horas. Ser\u00e3o distribu\u00eddas 100 senhas por dia e cada pessoa s\u00f3 poder\u00e1 apresentar, no m\u00e1ximo, tr\u00eas processos por dia. Com isso, cerca de uma centena de processos deixar\u00e3o de ser recebidos diariamente.<\/p>\n<p>&nbsp;<\/p>\n<p>&#8220;Ser\u00e1 um transtorno para todo mundo, independentemente do plano de conting\u00eancia montado pela Junta&#8221;, diz o presidente do Conselho Regional de Contabilidade do Distrito Federal (CRC-DF), Adriano Marrocos. &#8220;Se um contador tiver oito processos para apresentar, ter\u00e1 que voltar \u00e0 Junta tr\u00eas dias seguidos&#8221;, afirma.<\/p>\n<p>&nbsp;<\/p>\n<p><strong>Transtornos<\/strong><\/p>\n<p>&nbsp;<\/p>\n<p>O presidente da Junta, Ant\u00f4nio Eust\u00e1quio, garantiu, durante a reuni\u00e3o desta quinta-feira, que a perspectiva \u00e9 de suspender esse plano de emerg\u00eancia em 30 dias. \u00c9 o prazo que ele deu para encerrar o processo de contrata\u00e7\u00e3o da empresa que fornecer\u00e1 m\u00e3o de obra terceirizada para a Junta.<\/p>\n<p>&nbsp;<\/p>\n<p>O preg\u00e3o para a contrata\u00e7\u00e3o da empresa fornecedora de m\u00e3o de obra acaba na quinta-feira, 15. Ser\u00e3o necess\u00e1rios 20 dias \u00fateis para superar todos os tr\u00e2mites legais. Isso, num quadro de normalidade, supondo que nenhum dos perdedores do certame recorra contra o resultado da licita\u00e7\u00e3o, o que \u00e9 raro. &#8220;Portanto, os problemas enfrentados pela Junta n\u00e3o ser\u00e3o resolvidos t\u00e3o cedo, apesar do esfor\u00e7o do presidente do \u00f3rg\u00e3o e de seus funcion\u00e1rios&#8221;, frisa Marrocos.<\/p>\n<p>&nbsp;<\/p>\n<p><em>\u00a0Bras\u00edlia, 18h15min<\/em><\/p>\n","protected":false},"excerpt":{"rendered":"<p>A Junta Comercial do Distrito Federal montou um plano de emerg\u00eancia para n\u00e3o fechar as portas logo depois do carnaval. Em reuni\u00e3o realizada nesta quinta-feira, 8, ficou acertado a redu\u00e7\u00e3o do hor\u00e1rio de atendimento e a limita\u00e7\u00e3o de apresenta\u00e7\u00e3o de processos por pessoa (apenas tr\u00eas a cada dia). &nbsp; Para cobrir o buraco deixado pelos [&hellip;]<\/p>\n","protected":false},"author":22,"featured_media":0,"comment_status":"open","ping_status":"closed","sticky":false,"template":"","format":"standard","meta":{"footnotes":""},"categories":[600],"tags":[452,3132,3133,3115,2727,3134],"class_list":["post-7172","post","type-post","status-publish","format-standard","hentry","category-economia","tag-atendimento","tag-emergencia","tag-fechar-portas","tag-junta-comercial","tag-plano","tag-reduzido"],"_links":{"self":[{"href":"https:\/\/blogs.correiobraziliense.com.br\/vicente\/wp-json\/wp\/v2\/posts\/7172","targetHints":{"allow":["GET"]}}],"collection":[{"href":"https:\/\/blogs.correiobraziliense.com.br\/vicente\/wp-json\/wp\/v2\/posts"}],"about":[{"href":"https:\/\/blogs.correiobraziliense.com.br\/vicente\/wp-json\/wp\/v2\/types\/post"}],"author":[{"embeddable":true,"href":"https:\/\/blogs.correiobraziliense.com.br\/vicente\/wp-json\/wp\/v2\/users\/22"}],"replies":[{"embeddable":true,"href":"https:\/\/blogs.correiobraziliense.com.br\/vicente\/wp-json\/wp\/v2\/comments?post=7172"}],"version-history":[{"count":3,"href":"https:\/\/blogs.correiobraziliense.com.br\/vicente\/wp-json\/wp\/v2\/posts\/7172\/revisions"}],"predecessor-version":[{"id":7175,"href":"https:\/\/blogs.correiobraziliense.com.br\/vicente\/wp-json\/wp\/v2\/posts\/7172\/revisions\/7175"}],"wp:attachment":[{"href":"https:\/\/blogs.correiobraziliense.com.br\/vicente\/wp-json\/wp\/v2\/media?parent=7172"}],"wp:term":[{"taxonomy":"category","embeddable":true,"href":"https:\/\/blogs.correiobraziliense.com.br\/vicente\/wp-json\/wp\/v2\/categories?post=7172"},{"taxonomy":"post_tag","embeddable":true,"href":"https:\/\/blogs.correiobraziliense.com.br\/vicente\/wp-json\/wp\/v2\/tags?post=7172"}],"curies":[{"name":"wp","href":"https:\/\/api.w.org\/{rel}","templated":true}]}}