{"id":7170,"date":"2018-02-08T15:52:20","date_gmt":"2018-02-08T17:52:20","guid":{"rendered":"https:\/\/blogs.correiobraziliense.com.br\/vicente\/?p=7170"},"modified":"2018-02-08T18:00:08","modified_gmt":"2018-02-08T20:00:08","slug":"pensoes-integrais-viuvos-de-policiais-mortos-custarao-r-400-mi-em-10-anos","status":"publish","type":"post","link":"https:\/\/blogs.correiobraziliense.com.br\/vicente\/pensoes-integrais-viuvos-de-policiais-mortos-custarao-r-400-mi-em-10-anos\/","title":{"rendered":"Pens\u00f5es integrais a vi\u00favos de policiais mortos custar\u00e3o R$ 400 mi em 10 anos"},"content":{"rendered":"<h2>ALESSANDRA AZEVEDO<\/h2>\n<h2><\/h2>\n<h2>A garantia do pagamento de pens\u00e3o integral para vi\u00favas e vi\u00favos de policiais mortos em combate, inserida no texto da reforma da Previd\u00eancia nesta quarta-feira (7\/2), encolheu em R$ 400 milh\u00f5es a economia estimada para a pr\u00f3xima d\u00e9cada com a atualiza\u00e7\u00e3o de regras do Regime Pr\u00f3prio de Previd\u00eancia Social (RPPS), dos servidores p\u00fablicos da Uni\u00e3o. Esse \u00e9 o custo que a Uni\u00e3o ter\u00e1 a mais com os benef\u00edcios.<\/h2>\n<p>&nbsp;<\/p>\n<p>De R$ 88,1 bilh\u00f5es, a expectativa passou para R$ 87,7 bilh\u00f5es, segundo a Secretaria de Previd\u00eancia do Minist\u00e9rio da Fazenda. Os n\u00fameros n\u00e3o incluem os servidores dos estados e munic\u00edpios.<\/p>\n<p>&nbsp;<\/p>\n<p>Com as mudan\u00e7as no Regime Geral de Previd\u00eancia Social (RGPS), dos trabalhadores da iniciativa privada, ainda ser\u00e1 poss\u00edvel economizar por volta de R$ 480 bilh\u00f5es, caso a reforma n\u00e3o sofra mais cortes. A expectativa do governo era poupar cerca de R$ 800 bilh\u00f5es em 10 anos com a proposta inicial, enviada em dezembro de 2016 ao Congresso Nacional.<\/p>\n<p>&nbsp;<\/p>\n<p>Atualmente, ainda h\u00e1 discuss\u00f5es sobre a possibilidade de que os servidores p\u00fablicos que ingressaram antes de 2003 mantenham os benef\u00edcios de integralidade e paridade (aposentadoria com o valor do \u00faltimo sal\u00e1rio e reajuste igual ao servidor da ativa) sem completarem a idade m\u00ednima de 65 anos, para homens, e 62, para mulheres.<\/p>\n<p>&nbsp;<\/p>\n<p>A categoria tamb\u00e9m pede aumento no limite para acumular pens\u00e3o com aposentadoria, fixado em dois sal\u00e1rios m\u00ednimos (R$ 1,9 mil) pelo relator, Arthur Maia (PPS-BA). O impacto dessas mudan\u00e7as, se forem adotadas, ser\u00e1 na casa dos bilh\u00f5es de reais, bem acima da pens\u00e3o integral para vi\u00favas e vi\u00favos de policiais.<\/p>\n<p>&nbsp;<\/p>\n<p><strong>Proposta atual<\/strong><\/p>\n<p>&nbsp;<\/p>\n<p>Entre outros pontos, a reforma prop\u00f5e uma idade m\u00ednima para aposentadoria de 65 anos para homens e de 62 para mulheres, com 15 anos de contribui\u00e7\u00e3o. N\u00e3o h\u00e1 mais nenhuma mudan\u00e7a prevista no Benef\u00edcio de Presta\u00e7\u00e3o Continuada (BPC), pago a idosos a partir de 65 anos e deficientes de baixa renda, nem na aposentadoria rural.<\/p>\n<p>&nbsp;<\/p>\n<p>O presidente da C\u00e2mara, Rodrigo Maia (DEM-RJ), diz que pretende vot\u00e1-la na C\u00e2mara at\u00e9 o fim de fevereiro, mas o texto ainda n\u00e3o conta com o apoio de 308 deputados, o m\u00ednimo necess\u00e1rio para aprovar uma Proposta de Emenda \u00e0 Constitui\u00e7\u00e3o (PEC). Se chegar em mar\u00e7o ainda sem votos, o assunto ser\u00e1 engavetado.<\/p>\n<p>&nbsp;<\/p>\n<p><em>Bras\u00edlia, 15h52min<\/em><\/p>\n","protected":false},"excerpt":{"rendered":"<p>ALESSANDRA AZEVEDO A garantia do pagamento de pens\u00e3o integral para vi\u00favas e vi\u00favos de policiais mortos em combate, inserida no texto da reforma da Previd\u00eancia nesta quarta-feira (7\/2), encolheu em R$ 400 milh\u00f5es a economia estimada para a pr\u00f3xima d\u00e9cada com a atualiza\u00e7\u00e3o de regras do Regime Pr\u00f3prio de Previd\u00eancia Social (RPPS), dos servidores p\u00fablicos [&hellip;]<\/p>\n","protected":false},"author":22,"featured_media":0,"comment_status":"open","ping_status":"closed","sticky":false,"template":"","format":"standard","meta":{"footnotes":""},"categories":[600],"tags":[3131,3130,2173,772,429,614,3129,3128],"class_list":["post-7170","post","type-post","status-publish","format-standard","hentry","category-economia","tag-combate","tag-mortos","tag-pensoes","tag-policiais","tag-previdencia","tag-reforma","tag-viuvas","tag-viuvos"],"_links":{"self":[{"href":"https:\/\/blogs.correiobraziliense.com.br\/vicente\/wp-json\/wp\/v2\/posts\/7170","targetHints":{"allow":["GET"]}}],"collection":[{"href":"https:\/\/blogs.correiobraziliense.com.br\/vicente\/wp-json\/wp\/v2\/posts"}],"about":[{"href":"https:\/\/blogs.correiobraziliense.com.br\/vicente\/wp-json\/wp\/v2\/types\/post"}],"author":[{"embeddable":true,"href":"https:\/\/blogs.correiobraziliense.com.br\/vicente\/wp-json\/wp\/v2\/users\/22"}],"replies":[{"embeddable":true,"href":"https:\/\/blogs.correiobraziliense.com.br\/vicente\/wp-json\/wp\/v2\/comments?post=7170"}],"version-history":[{"count":1,"href":"https:\/\/blogs.correiobraziliense.com.br\/vicente\/wp-json\/wp\/v2\/posts\/7170\/revisions"}],"predecessor-version":[{"id":7171,"href":"https:\/\/blogs.correiobraziliense.com.br\/vicente\/wp-json\/wp\/v2\/posts\/7170\/revisions\/7171"}],"wp:attachment":[{"href":"https:\/\/blogs.correiobraziliense.com.br\/vicente\/wp-json\/wp\/v2\/media?parent=7170"}],"wp:term":[{"taxonomy":"category","embeddable":true,"href":"https:\/\/blogs.correiobraziliense.com.br\/vicente\/wp-json\/wp\/v2\/categories?post=7170"},{"taxonomy":"post_tag","embeddable":true,"href":"https:\/\/blogs.correiobraziliense.com.br\/vicente\/wp-json\/wp\/v2\/tags?post=7170"}],"curies":[{"name":"wp","href":"https:\/\/api.w.org\/{rel}","templated":true}]}}