{"id":7168,"date":"2018-02-08T11:59:47","date_gmt":"2018-02-08T13:59:47","guid":{"rendered":"https:\/\/blogs.correiobraziliense.com.br\/vicente\/?p=7168"},"modified":"2018-02-08T13:30:17","modified_gmt":"2018-02-08T15:30:17","slug":"concursos-serao-para-preencher-vagas-de-terceirizados-diz-planejamento","status":"publish","type":"post","link":"https:\/\/blogs.correiobraziliense.com.br\/vicente\/concursos-serao-para-preencher-vagas-de-terceirizados-diz-planejamento\/","title":{"rendered":"Concursos ser\u00e3o para preencher vagas de terceirizados, diz Planejamento"},"content":{"rendered":"<h2>O governo priorizar\u00e1 concursos neste ano para preencher vagas ocupadas por terceirizados. Segundo o secret\u00e1rio de Gest\u00e3o do Minist\u00e9rio do Planejamento, Gleisson Rubin, isso faz parte de um Termo de Ajustamento de Conduta (TAC) firmado entre a \u00f3rg\u00e3o e o Minist\u00e9rio P\u00fablico (MP). As exce\u00e7\u00f5es ficar\u00e3o por conta de \u00e1reas na quais sejam comprovadas necessidade imediata de contrata\u00e7\u00e3o de pessoal.<\/h2>\n<p>&nbsp;<\/p>\n<p><a href=\"https:\/\/www.youtube.com\/watch?v=11ScBFw8p_8\">https:\/\/www.youtube.com\/watch?v=11ScBFw8p_8<\/a><\/p>\n<p>&nbsp;<\/p>\n<p>Rubin ressalta, em entrevista ao programa <strong>CB.Poder<\/strong>, uma parceira do <strong>Correio Braziliense<\/strong> e a <em>Tev\u00ea Bras\u00edlia<\/em>, que o or\u00e7amento da Uni\u00e3o est\u00e1 muito restrito para se ampliar, sem necessidade, os gastos com pessoal. Ele acrescenta que, em vez de contratar mais servidores, o governo priorizar\u00e1 a implanta\u00e7\u00e3o de sistemas de tecnologia que permitam o atendimento direto ao p\u00fablico.<\/p>\n<p>&nbsp;<\/p>\n<p>Isso dever\u00e1 ocorrer, por exemplo, no Instituto Nacional do Seguro Social (INSS). A partir de 2019, um ter\u00e7o dos quase 30 mil servidores do \u00f3rg\u00e3o poder\u00e3o se aposentar, conforme acordo coletivo fechado com os sindicatos que representam a carreira. Eles aceitaram estender por tr\u00eas anos a perman\u00eancia no trabalho desde que incorporassem nas aposentadorias as gratifica\u00e7\u00f5es.<\/p>\n<p>&nbsp;<\/p>\n<p><a href=\"https:\/\/www.youtube.com\/watch?v=Q6CIe_wEHZ0\">https:\/\/www.youtube.com\/watch?v=Q6CIe_wEHZ0<\/a><\/p>\n<p>&nbsp;<\/p>\n<p><strong>Sem garantia de nomea\u00e7\u00f5es<\/strong><\/p>\n<p>&nbsp;<\/p>\n<p>O secret\u00e1rio destaca ainda que n\u00e3o h\u00e1 garantia de nomea\u00e7\u00e3o, neste ano, dos aprovados em concursos que est\u00e3o em andamento, como o da Ag\u00eancia Brasileira de Intelig\u00eancia (Abin). &#8220;Estamos em um ano eleitoral. S\u00f3 podemos nomear servidores at\u00e9 30 de junho e depois das elei\u00e7\u00f5es. Se houver, por exemplo, uma contesta\u00e7\u00e3o em algum concurso, pode haver atrasos ou mesmo cancelamento&#8221;, afirma.<\/p>\n<p>&nbsp;<\/p>\n<p>Ele lembra o caso do concurso para gestores do Minist\u00e9rio do Planejamento, que, diante das muitas suspeitas de irregularidades, acabou suspenso. \u00a0&#8220;N\u00e3o podemos descartar uma judicializa\u00e7\u00e3o do concurso. Portanto, as nomea\u00e7\u00f5es dependem do andamento do processo. Neste ano, ainda temos as limita\u00e7\u00f5es da lei eleitoral&#8221;, refor\u00e7a.<\/p>\n<p>&nbsp;<\/p>\n<p>Na avalia\u00e7\u00e3o do secret\u00e1rio, j\u00e1 se percebe uma mudan\u00e7a no perfil de servidores que est\u00e3o entrando no governo. Em vez de pessoas com perfil muito espec\u00edfico, o que se quer s\u00e3o generalistas, trabalhadores que possam executar m\u00faltiplas fun\u00e7\u00f5es. &#8220;O concurso para a Abin j\u00e1 deixa isso bem claro&#8221;, diz.<\/p>\n<p>&nbsp;<\/p>\n<p><em>Bras\u00edlia, 11h59min<\/em><\/p>\n","protected":false},"excerpt":{"rendered":"<p>O governo priorizar\u00e1 concursos neste ano para preencher vagas ocupadas por terceirizados. Segundo o secret\u00e1rio de Gest\u00e3o do Minist\u00e9rio do Planejamento, Gleisson Rubin, isso faz parte de um Termo de Ajustamento de Conduta (TAC) firmado entre a \u00f3rg\u00e3o e o Minist\u00e9rio P\u00fablico (MP). As exce\u00e7\u00f5es ficar\u00e3o por conta de \u00e1reas na quais sejam comprovadas necessidade [&hellip;]<\/p>\n","protected":false},"author":22,"featured_media":0,"comment_status":"open","ping_status":"closed","sticky":false,"template":"","format":"standard","meta":{"footnotes":""},"categories":[600],"tags":[911,3127,889,688,1041,2401],"class_list":["post-7168","post","type-post","status-publish","format-standard","hentry","category-economia","tag-concursos","tag-gleisson-rubin","tag-ministerio-publico","tag-nomeacoes","tag-terceirizados","tag-vagas"],"_links":{"self":[{"href":"https:\/\/blogs.correiobraziliense.com.br\/vicente\/wp-json\/wp\/v2\/posts\/7168","targetHints":{"allow":["GET"]}}],"collection":[{"href":"https:\/\/blogs.correiobraziliense.com.br\/vicente\/wp-json\/wp\/v2\/posts"}],"about":[{"href":"https:\/\/blogs.correiobraziliense.com.br\/vicente\/wp-json\/wp\/v2\/types\/post"}],"author":[{"embeddable":true,"href":"https:\/\/blogs.correiobraziliense.com.br\/vicente\/wp-json\/wp\/v2\/users\/22"}],"replies":[{"embeddable":true,"href":"https:\/\/blogs.correiobraziliense.com.br\/vicente\/wp-json\/wp\/v2\/comments?post=7168"}],"version-history":[{"count":1,"href":"https:\/\/blogs.correiobraziliense.com.br\/vicente\/wp-json\/wp\/v2\/posts\/7168\/revisions"}],"predecessor-version":[{"id":7169,"href":"https:\/\/blogs.correiobraziliense.com.br\/vicente\/wp-json\/wp\/v2\/posts\/7168\/revisions\/7169"}],"wp:attachment":[{"href":"https:\/\/blogs.correiobraziliense.com.br\/vicente\/wp-json\/wp\/v2\/media?parent=7168"}],"wp:term":[{"taxonomy":"category","embeddable":true,"href":"https:\/\/blogs.correiobraziliense.com.br\/vicente\/wp-json\/wp\/v2\/categories?post=7168"},{"taxonomy":"post_tag","embeddable":true,"href":"https:\/\/blogs.correiobraziliense.com.br\/vicente\/wp-json\/wp\/v2\/tags?post=7168"}],"curies":[{"name":"wp","href":"https:\/\/api.w.org\/{rel}","templated":true}]}}