{"id":7157,"date":"2018-02-07T18:30:01","date_gmt":"2018-02-07T20:30:01","guid":{"rendered":"https:\/\/blogs.correiobraziliense.com.br\/vicente\/?p=7157"},"modified":"2018-02-07T18:30:01","modified_gmt":"2018-02-07T20:30:01","slug":"bc-sinaliza-em-comunicado-fim-do-ciclo-de-corte-de-juros","status":"publish","type":"post","link":"https:\/\/blogs.correiobraziliense.com.br\/vicente\/bc-sinaliza-em-comunicado-fim-do-ciclo-de-corte-de-juros\/","title":{"rendered":"BC sinaliza fim do ciclo de corte de juros em comunicado"},"content":{"rendered":"<p>POR ANTONIO TEM\u00d3TEO<\/p>\n<p>&nbsp;<\/p>\n<p>O Banco Central (BC) deixou claro em comunicado divulgado ap\u00f3s reuni\u00e3o do Comit\u00ea de Pol\u00edtica Monet\u00e1ria (Copom) que o corte de 0,25 ponto percentual, que levou a taxa b\u00e1sica de juros (Selic) para 6,75% ao ano, ser\u00e1 o \u00faltimo. &#8220;Para a pr\u00f3xima reuni\u00e3o, caso o cen\u00e1rio b\u00e1sico evolua conforme esperado, o Comit\u00ea v\u00ea, neste momento, como mais adequada a interrup\u00e7\u00e3o do processo de flexibiliza\u00e7\u00e3o monet\u00e1ria&#8221;, informou a equipe de Ilan Goldfajn.<\/p>\n<p>&nbsp;<\/p>\n<p>Conforme a autoridade monet\u00e1ria, o cen\u00e1rio externo tem se mostrado favor\u00e1vel, na medida em que a atividade econ\u00f4mica cresce globalmente. \u00a0Apesar desse movimento contribuir, at\u00e9 o momento, para manter o apetite ao risco em rela\u00e7\u00e3o a economias emergentes, o BC alertou para a volatilidade recente das condi\u00e7\u00f5es financeiras nas economias avan\u00e7adas.<\/p>\n<p>&nbsp;<\/p>\n<p>A Copom ainda detalhou que a frustra\u00e7\u00e3o das expectativas sobre a continuidade das reformas e ajustes necess\u00e1rios na economia brasileira pode afetar pr\u00eamios de risco e elevar a trajet\u00f3ria da infla\u00e7\u00e3o no horizonte relevante para a pol\u00edtica monet\u00e1ria. &#8220;Esse risco se intensifica no caso de revers\u00e3o do corrente cen\u00e1rio externo favor\u00e1vel para economias emergentes&#8221;, detalhou o comunicado do BC.<\/p>\n<p>&nbsp;<\/p>\n<p>&nbsp;<\/p>\n","protected":false},"excerpt":{"rendered":"<p>POR ANTONIO TEM\u00d3TEO &nbsp; O Banco Central (BC) deixou claro em comunicado divulgado ap\u00f3s reuni\u00e3o do Comit\u00ea de Pol\u00edtica Monet\u00e1ria (Copom) que o corte de 0,25 ponto percentual, que levou a taxa b\u00e1sica de juros (Selic) para 6,75% ao ano, ser\u00e1 o \u00faltimo. &#8220;Para a pr\u00f3xima reuni\u00e3o, caso o cen\u00e1rio b\u00e1sico evolua conforme esperado, o [&hellip;]<\/p>\n","protected":false},"author":22,"featured_media":0,"comment_status":"open","ping_status":"closed","sticky":false,"template":"","format":"standard","meta":{"footnotes":""},"categories":[600],"tags":[106,14,4,34],"class_list":["post-7157","post","type-post","status-publish","format-standard","hentry","category-economia","tag-bc","tag-inflacao","tag-juros","tag-selic"],"_links":{"self":[{"href":"https:\/\/blogs.correiobraziliense.com.br\/vicente\/wp-json\/wp\/v2\/posts\/7157","targetHints":{"allow":["GET"]}}],"collection":[{"href":"https:\/\/blogs.correiobraziliense.com.br\/vicente\/wp-json\/wp\/v2\/posts"}],"about":[{"href":"https:\/\/blogs.correiobraziliense.com.br\/vicente\/wp-json\/wp\/v2\/types\/post"}],"author":[{"embeddable":true,"href":"https:\/\/blogs.correiobraziliense.com.br\/vicente\/wp-json\/wp\/v2\/users\/22"}],"replies":[{"embeddable":true,"href":"https:\/\/blogs.correiobraziliense.com.br\/vicente\/wp-json\/wp\/v2\/comments?post=7157"}],"version-history":[{"count":1,"href":"https:\/\/blogs.correiobraziliense.com.br\/vicente\/wp-json\/wp\/v2\/posts\/7157\/revisions"}],"predecessor-version":[{"id":7158,"href":"https:\/\/blogs.correiobraziliense.com.br\/vicente\/wp-json\/wp\/v2\/posts\/7157\/revisions\/7158"}],"wp:attachment":[{"href":"https:\/\/blogs.correiobraziliense.com.br\/vicente\/wp-json\/wp\/v2\/media?parent=7157"}],"wp:term":[{"taxonomy":"category","embeddable":true,"href":"https:\/\/blogs.correiobraziliense.com.br\/vicente\/wp-json\/wp\/v2\/categories?post=7157"},{"taxonomy":"post_tag","embeddable":true,"href":"https:\/\/blogs.correiobraziliense.com.br\/vicente\/wp-json\/wp\/v2\/tags?post=7157"}],"curies":[{"name":"wp","href":"https:\/\/api.w.org\/{rel}","templated":true}]}}