{"id":7155,"date":"2018-02-07T18:21:25","date_gmt":"2018-02-07T20:21:25","guid":{"rendered":"https:\/\/blogs.correiobraziliense.com.br\/vicente\/?p=7155"},"modified":"2018-02-07T18:22:01","modified_gmt":"2018-02-07T20:22:01","slug":"bc-corta-juros-em-025-ponto-percentual-para-675-ao-ano","status":"publish","type":"post","link":"https:\/\/blogs.correiobraziliense.com.br\/vicente\/bc-corta-juros-em-025-ponto-percentual-para-675-ao-ano\/","title":{"rendered":"BC corta juros em 0,25 ponto percentual, para 6,75% ao ano"},"content":{"rendered":"<p>POR ANTONIO TEM\u00d3TEO<\/p>\n<p>&nbsp;<\/p>\n<p>Em decis\u00e3o un\u00e2nime, o Banco Central (BC) reduziu a taxa b\u00e1sica de juros (Selic) em 0,25 ponto percentual, para 6,75% ao ano. Esse \u00e9 o d\u00e9cimo primeiro corte consecutivo da taxa e o menor n\u00edvel da hist\u00f3ria, desde o in\u00edcio do regime de metas para a infla\u00e7\u00e3o. A decis\u00e3o era amplamente esperada pelo mercado.<\/p>\n<p>&nbsp;<\/p>\n<p>As d\u00favidas agora s\u00e3o sobre os pr\u00f3ximos passos da autoridade monet\u00e1ria. Uma parte do mercado avalia que diante da recupera\u00e7\u00e3o gradual da economia brasileira e da infla\u00e7\u00e3o baixa, com expectativas controladas, a equipe de Ilan Goldfajn poderia fazer um \u00faltimo corte de 0,25 ponto percentual, o que levaria a Selic para 6,5% ao ano.<\/p>\n<p>&nbsp;<\/p>\n<p>Por outro lado, h\u00e1 quem alerte que as press\u00f5es inflacion\u00e1rias tendem a crescer ao longo do ano, sobretudo com a volatilidade \u00a0dos mercados internacionais, que afeta o pre\u00e7o do d\u00f3lar. Al\u00e9m disso, as tarifas administradas pelo governo, como a conta de luz, a gasolina e o custo do botij\u00e3o de g\u00e1s t\u00eam pressionado o \u00cdndice de Pre\u00e7os ao Consumidor Amplo (IPCA).<\/p>\n","protected":false},"excerpt":{"rendered":"<p>POR ANTONIO TEM\u00d3TEO &nbsp; Em decis\u00e3o un\u00e2nime, o Banco Central (BC) reduziu a taxa b\u00e1sica de juros (Selic) em 0,25 ponto percentual, para 6,75% ao ano. Esse \u00e9 o d\u00e9cimo primeiro corte consecutivo da taxa e o menor n\u00edvel da hist\u00f3ria, desde o in\u00edcio do regime de metas para a infla\u00e7\u00e3o. A decis\u00e3o era amplamente [&hellip;]<\/p>\n","protected":false},"author":22,"featured_media":0,"comment_status":"open","ping_status":"closed","sticky":false,"template":"","format":"standard","meta":{"footnotes":""},"categories":[600],"tags":[3,106,14,4,34,1319],"class_list":["post-7155","post","type-post","status-publish","format-standard","hentry","category-economia","tag-banco-central","tag-bc","tag-inflacao","tag-juros","tag-selic","tag-taxa-basica-de-juros"],"_links":{"self":[{"href":"https:\/\/blogs.correiobraziliense.com.br\/vicente\/wp-json\/wp\/v2\/posts\/7155","targetHints":{"allow":["GET"]}}],"collection":[{"href":"https:\/\/blogs.correiobraziliense.com.br\/vicente\/wp-json\/wp\/v2\/posts"}],"about":[{"href":"https:\/\/blogs.correiobraziliense.com.br\/vicente\/wp-json\/wp\/v2\/types\/post"}],"author":[{"embeddable":true,"href":"https:\/\/blogs.correiobraziliense.com.br\/vicente\/wp-json\/wp\/v2\/users\/22"}],"replies":[{"embeddable":true,"href":"https:\/\/blogs.correiobraziliense.com.br\/vicente\/wp-json\/wp\/v2\/comments?post=7155"}],"version-history":[{"count":1,"href":"https:\/\/blogs.correiobraziliense.com.br\/vicente\/wp-json\/wp\/v2\/posts\/7155\/revisions"}],"predecessor-version":[{"id":7156,"href":"https:\/\/blogs.correiobraziliense.com.br\/vicente\/wp-json\/wp\/v2\/posts\/7155\/revisions\/7156"}],"wp:attachment":[{"href":"https:\/\/blogs.correiobraziliense.com.br\/vicente\/wp-json\/wp\/v2\/media?parent=7155"}],"wp:term":[{"taxonomy":"category","embeddable":true,"href":"https:\/\/blogs.correiobraziliense.com.br\/vicente\/wp-json\/wp\/v2\/categories?post=7155"},{"taxonomy":"post_tag","embeddable":true,"href":"https:\/\/blogs.correiobraziliense.com.br\/vicente\/wp-json\/wp\/v2\/tags?post=7155"}],"curies":[{"name":"wp","href":"https:\/\/api.w.org\/{rel}","templated":true}]}}