{"id":7145,"date":"2018-02-07T11:01:27","date_gmt":"2018-02-07T13:01:27","guid":{"rendered":"https:\/\/blogs.correiobraziliense.com.br\/vicente\/?p=7145"},"modified":"2018-03-23T23:53:50","modified_gmt":"2018-03-24T02:53:50","slug":"em-reuniao-da-executiva-lideres-do-psdb-pregam-aprovacao-da-previdencia","status":"publish","type":"post","link":"https:\/\/blogs.correiobraziliense.com.br\/vicente\/em-reuniao-da-executiva-lideres-do-psdb-pregam-aprovacao-da-previdencia\/","title":{"rendered":"Em reuni\u00e3o da executiva, l\u00edderes do PSDB pregam aprova\u00e7\u00e3o da Previd\u00eancia"},"content":{"rendered":"<h2>O clima est\u00e1 quente na reuni\u00e3o desta quarta-feira, 7, da executiva do PSDB. Os principais l\u00edderes do partido est\u00e3o pregando votos fechados a favor da reforma da Previd\u00eancia. Os mais enf\u00e1ticos nessa defesa s\u00e3o o governador de Goi\u00e1s, Marconi Perillo, e o prefeito de Manaus, Arthur Virg\u00edlio.<\/h2>\n<p>&nbsp;<\/p>\n<p><a href=\"https:\/\/blogs.correiobraziliense.com.br\/vicente\/wp-content\/uploads\/sites\/16\/2018\/02\/PSDB.jpg\" rel=\"attachment wp-att-7146\"><img loading=\"lazy\" decoding=\"async\" class=\"alignnone size-large wp-image-7146\" src=\"https:\/\/blogs.correiobraziliense.com.br\/vicente\/wp-content\/uploads\/sites\/16\/2018\/02\/PSDB-1024x768.jpg\" alt=\"PSDB\" width=\"1024\" height=\"768\" srcset=\"https:\/\/blogs.correiobraziliense.com.br\/vicente\/wp-content\/uploads\/sites\/16\/2018\/02\/PSDB-1024x768.jpg 1024w, https:\/\/blogs.correiobraziliense.com.br\/vicente\/wp-content\/uploads\/sites\/16\/2018\/02\/PSDB-300x225.jpg 300w, https:\/\/blogs.correiobraziliense.com.br\/vicente\/wp-content\/uploads\/sites\/16\/2018\/02\/PSDB-768x576.jpg 768w, https:\/\/blogs.correiobraziliense.com.br\/vicente\/wp-content\/uploads\/sites\/16\/2018\/02\/PSDB-350x263.jpg 350w, https:\/\/blogs.correiobraziliense.com.br\/vicente\/wp-content\/uploads\/sites\/16\/2018\/02\/PSDB-550x413.jpg 550w, https:\/\/blogs.correiobraziliense.com.br\/vicente\/wp-content\/uploads\/sites\/16\/2018\/02\/PSDB-230x173.jpg 230w, https:\/\/blogs.correiobraziliense.com.br\/vicente\/wp-content\/uploads\/sites\/16\/2018\/02\/PSDB.jpg 1280w\" sizes=\"auto, (max-width: 1024px) 100vw, 1024px\" \/><\/a><\/p>\n<p>&nbsp;<\/p>\n<p>L\u00edder do partido na C\u00e2mara, Nilson Leit\u00e3o diz que 30 dos 46 deputados est\u00e3o a favor da reforma. E est\u00e1 dif\u00edcil ampliar o apoio \u00e0 proposta enviada ao Congresso pelo presidente Michel Temer.<\/p>\n<p>&nbsp;<\/p>\n<p>Perillo e Arthur Virg\u00edlio est\u00e3o pregando puni\u00e7\u00e3o aos parlamentares que votarem contra \u00e0 reforma.<\/p>\n<p>&nbsp;<\/p>\n<p>No Senado, segundo o senador Paulo Bauer, o apoio ao governo ser\u00e1 quase un\u00e2nime. Dos 13 senadores do partido, 11 est\u00e3o a favor da reforma da Previd\u00eancia.<\/p>\n<p>&nbsp;<\/p>\n<p>A mesa de discuss\u00e3o conta com 25 representantes do PSDB.<\/p>\n<p>&nbsp;<\/p>\n<p><em>Bras\u00edlia, 11h01min<\/em><\/p>\n","protected":false},"excerpt":{"rendered":"<p>O clima est\u00e1 quente na reuni\u00e3o desta quarta-feira, 7, da executiva do PSDB. Os principais l\u00edderes do partido est\u00e3o pregando votos fechados a favor da reforma da Previd\u00eancia. Os mais enf\u00e1ticos nessa defesa s\u00e3o o governador de Goi\u00e1s, Marconi Perillo, e o prefeito de Manaus, Arthur Virg\u00edlio. &nbsp; &nbsp; L\u00edder do partido na C\u00e2mara, Nilson [&hellip;]<\/p>\n","protected":false},"author":22,"featured_media":0,"comment_status":"open","ping_status":"closed","sticky":false,"template":"","format":"standard","meta":{"footnotes":""},"categories":[600],"tags":[3123,3121,948,111,1820,933,3122],"class_list":["post-7145","post","type-post","status-publish","format-standard","hentry","category-economia","tag-arthur-virgilio","tag-executiva","tag-marconi-perillo","tag-michel-temer","tag-psdb","tag-reforma-da-previdencia","tag-reuniao"],"_links":{"self":[{"href":"https:\/\/blogs.correiobraziliense.com.br\/vicente\/wp-json\/wp\/v2\/posts\/7145","targetHints":{"allow":["GET"]}}],"collection":[{"href":"https:\/\/blogs.correiobraziliense.com.br\/vicente\/wp-json\/wp\/v2\/posts"}],"about":[{"href":"https:\/\/blogs.correiobraziliense.com.br\/vicente\/wp-json\/wp\/v2\/types\/post"}],"author":[{"embeddable":true,"href":"https:\/\/blogs.correiobraziliense.com.br\/vicente\/wp-json\/wp\/v2\/users\/22"}],"replies":[{"embeddable":true,"href":"https:\/\/blogs.correiobraziliense.com.br\/vicente\/wp-json\/wp\/v2\/comments?post=7145"}],"version-history":[{"count":3,"href":"https:\/\/blogs.correiobraziliense.com.br\/vicente\/wp-json\/wp\/v2\/posts\/7145\/revisions"}],"predecessor-version":[{"id":7149,"href":"https:\/\/blogs.correiobraziliense.com.br\/vicente\/wp-json\/wp\/v2\/posts\/7145\/revisions\/7149"}],"wp:attachment":[{"href":"https:\/\/blogs.correiobraziliense.com.br\/vicente\/wp-json\/wp\/v2\/media?parent=7145"}],"wp:term":[{"taxonomy":"category","embeddable":true,"href":"https:\/\/blogs.correiobraziliense.com.br\/vicente\/wp-json\/wp\/v2\/categories?post=7145"},{"taxonomy":"post_tag","embeddable":true,"href":"https:\/\/blogs.correiobraziliense.com.br\/vicente\/wp-json\/wp\/v2\/tags?post=7145"}],"curies":[{"name":"wp","href":"https:\/\/api.w.org\/{rel}","templated":true}]}}