{"id":7143,"date":"2018-02-06T20:35:42","date_gmt":"2018-02-06T22:35:42","guid":{"rendered":"https:\/\/blogs.correiobraziliense.com.br\/vicente\/?p=7143"},"modified":"2018-02-06T21:06:57","modified_gmt":"2018-02-06T23:06:57","slug":"arnaldo-lima-deixara-planejamento-para-ser-diretor-do-funpresp","status":"publish","type":"post","link":"https:\/\/blogs.correiobraziliense.com.br\/vicente\/arnaldo-lima-deixara-planejamento-para-ser-diretor-do-funpresp\/","title":{"rendered":"Arnaldo Lima deixar\u00e1 Planejamento para ser diretor do Funpresp"},"content":{"rendered":"<h2>Assessor especial do Minist\u00e9rio do Planejamento, Arnaldo Lima trocar\u00e1 a Pasta pela diretoria de Seguridade do Funpresp-Exe, o fundo de pens\u00e3o dos servidores federais que entraram no governo depois de 2013, j\u00e1 sob as regras da Previd\u00eancia aprovadas no governo Lula e regulamentadas na gest\u00e3o de Dilma Rousseff.<\/h2>\n<p>&nbsp;<\/p>\n<p>A perspectiva \u00e9 de que Lima assuma o novo posto no fim de fevereiro para um mandato de tr\u00eas anos, que pode ser renovado. Ele substituir\u00e1 Jos\u00e9 Pinheiro de Miranda, funcion\u00e1rio de carreira do Banco do Brasil, que renunciou ao cargo em janeiro \u00faltimo.<\/p>\n<p>&nbsp;<\/p>\n<p>O Funpresp-Exe tem registrado forte expans\u00e3o. Desde que o presidente Michel Temer colocou o projeto de reforma da Previd\u00eancia na rua, muitos servidores que entraram no governo antes de 2013 est\u00e3o migrando para a funda\u00e7\u00e3o, acreditando que ter\u00e3o aposentadorias melhores. O fundo tamb\u00e9m abriga servidores do Legislativo.<\/p>\n<p>&nbsp;<\/p>\n<p>Segundo o Funpresp-Exe, a contribui\u00e7\u00e3o m\u00e9dia mensal dos servidores do Executivo \u00e9 de R$ 305,55 e a dos funcion\u00e1rios do Legislativo, de R$ 1.535,60. A rentabilidade m\u00e9dia do fundo ficou pr\u00f3xima de 10% no ano passado.<\/p>\n<p>&nbsp;<\/p>\n<p><em>Bras\u00edlia, 20h35min<\/em><\/p>\n","protected":false},"excerpt":{"rendered":"<p>Assessor especial do Minist\u00e9rio do Planejamento, Arnaldo Lima trocar\u00e1 a Pasta pela diretoria de Seguridade do Funpresp-Exe, o fundo de pens\u00e3o dos servidores federais que entraram no governo depois de 2013, j\u00e1 sob as regras da Previd\u00eancia aprovadas no governo Lula e regulamentadas na gest\u00e3o de Dilma Rousseff. &nbsp; A perspectiva \u00e9 de que Lima [&hellip;]<\/p>\n","protected":false},"author":22,"featured_media":0,"comment_status":"open","ping_status":"closed","sticky":false,"template":"","format":"standard","meta":{"footnotes":""},"categories":[600],"tags":[3118,3119,1189,847,3120],"class_list":["post-7143","post","type-post","status-publish","format-standard","hentry","category-economia","tag-arnaldo-lima","tag-diretoria","tag-funpresp","tag-planejamento","tag-seguridade"],"_links":{"self":[{"href":"https:\/\/blogs.correiobraziliense.com.br\/vicente\/wp-json\/wp\/v2\/posts\/7143","targetHints":{"allow":["GET"]}}],"collection":[{"href":"https:\/\/blogs.correiobraziliense.com.br\/vicente\/wp-json\/wp\/v2\/posts"}],"about":[{"href":"https:\/\/blogs.correiobraziliense.com.br\/vicente\/wp-json\/wp\/v2\/types\/post"}],"author":[{"embeddable":true,"href":"https:\/\/blogs.correiobraziliense.com.br\/vicente\/wp-json\/wp\/v2\/users\/22"}],"replies":[{"embeddable":true,"href":"https:\/\/blogs.correiobraziliense.com.br\/vicente\/wp-json\/wp\/v2\/comments?post=7143"}],"version-history":[{"count":1,"href":"https:\/\/blogs.correiobraziliense.com.br\/vicente\/wp-json\/wp\/v2\/posts\/7143\/revisions"}],"predecessor-version":[{"id":7144,"href":"https:\/\/blogs.correiobraziliense.com.br\/vicente\/wp-json\/wp\/v2\/posts\/7143\/revisions\/7144"}],"wp:attachment":[{"href":"https:\/\/blogs.correiobraziliense.com.br\/vicente\/wp-json\/wp\/v2\/media?parent=7143"}],"wp:term":[{"taxonomy":"category","embeddable":true,"href":"https:\/\/blogs.correiobraziliense.com.br\/vicente\/wp-json\/wp\/v2\/categories?post=7143"},{"taxonomy":"post_tag","embeddable":true,"href":"https:\/\/blogs.correiobraziliense.com.br\/vicente\/wp-json\/wp\/v2\/tags?post=7143"}],"curies":[{"name":"wp","href":"https:\/\/api.w.org\/{rel}","templated":true}]}}