{"id":7139,"date":"2018-02-06T17:11:51","date_gmt":"2018-02-06T19:11:51","guid":{"rendered":"https:\/\/blogs.correiobraziliense.com.br\/vicente\/?p=7139"},"modified":"2018-02-06T18:37:42","modified_gmt":"2018-02-06T20:37:42","slug":"diplomata-que-alertou-sobre-golpe-em-2016-e-suspenso-por-sete-dias","status":"publish","type":"post","link":"https:\/\/blogs.correiobraziliense.com.br\/vicente\/diplomata-que-alertou-sobre-golpe-em-2016-e-suspenso-por-sete-dias\/","title":{"rendered":"Diplomata que alertou sobre &#8220;golpe&#8221; em 2016 \u00e9 suspenso por sete dias"},"content":{"rendered":"<h2>Depois de perder, em junho de 2016, a chefia da \u00c1rea de Combate \u00e0 Fome do Minist\u00e9rio de Rela\u00e7\u00f5es Exteriores (MRE), o diplomata Milton Rond\u00f3 Filho foi suspenso por sete dias. Nesse per\u00edodo, ele ficar\u00e1 sem receber sal\u00e1rios, como manda a lei. Atualmente, ele est\u00e1 lotado na representa\u00e7\u00e3o do Itamaraty no Rio Grande do Sul.<\/h2>\n<p>&nbsp;<\/p>\n<p>A decis\u00e3o foi tomada na segunda-feira, 5, depois de um longo per\u00edodo de investiga\u00e7\u00e3o conduzido por uma comiss\u00e3o administrativa. Ele teria\u00a0descumprido &#8220;deveres funcionais de observar as normas legais e regulamentares&#8221;.<\/p>\n<p>&nbsp;<\/p>\n<p>Durante o processo de impeachment de Dilma Rousseff, Rond\u00f3 Filho, ministro de segunda classe, enviou um telegrama a todas as embaixadas e representa\u00e7\u00f5es do Brasil no exterior dizendo que petista &#8220;sofria um processo n\u00e3o democr\u00e1tico&#8221;.<\/p>\n<p>&nbsp;<\/p>\n<p>T\u00e3o logo Jos\u00e9 Serra assumiu o Minist\u00e9rio de Rela\u00e7\u00f5es Exteriores, o ministro foi exonerado do cargo, sob a alega\u00e7\u00e3o de que se tratava de uma &#8220;substitui\u00e7\u00e3o natural de um ocupante de cargo em confian\u00e7a, e da movimenta\u00e7\u00e3o habitual de membro do Servi\u00e7o Exterior Brasileiro&#8221;.<\/p>\n<p>&nbsp;<\/p>\n<p>\u00c0 \u00e9poca, a exonera\u00e7\u00e3o de Rond\u00f3 Filho provocou pol\u00eamica. Agora, n\u00e3o ser\u00e1 muito diferente, uma vez que ele est\u00e1 sendo punido pela segunda vez.<\/p>\n<p>&nbsp;<\/p>\n<p><em>Bras\u00edlia, 17h11min<\/em><\/p>\n","protected":false},"excerpt":{"rendered":"<p>Depois de perder, em junho de 2016, a chefia da \u00c1rea de Combate \u00e0 Fome do Minist\u00e9rio de Rela\u00e7\u00f5es Exteriores (MRE), o diplomata Milton Rond\u00f3 Filho foi suspenso por sete dias. Nesse per\u00edodo, ele ficar\u00e1 sem receber sal\u00e1rios, como manda a lei. Atualmente, ele est\u00e1 lotado na representa\u00e7\u00e3o do Itamaraty no Rio Grande do Sul. [&hellip;]<\/p>\n","protected":false},"author":22,"featured_media":0,"comment_status":"open","ping_status":"closed","sticky":false,"template":"","format":"standard","meta":{"footnotes":""},"categories":[600],"tags":[3114,3111,329,3112,3113,1084],"class_list":["post-7139","post","type-post","status-publish","format-standard","hentry","category-economia","tag-dias","tag-diplomata","tag-itamaraty","tag-perda-de-funcao","tag-sete","tag-suspensao"],"_links":{"self":[{"href":"https:\/\/blogs.correiobraziliense.com.br\/vicente\/wp-json\/wp\/v2\/posts\/7139","targetHints":{"allow":["GET"]}}],"collection":[{"href":"https:\/\/blogs.correiobraziliense.com.br\/vicente\/wp-json\/wp\/v2\/posts"}],"about":[{"href":"https:\/\/blogs.correiobraziliense.com.br\/vicente\/wp-json\/wp\/v2\/types\/post"}],"author":[{"embeddable":true,"href":"https:\/\/blogs.correiobraziliense.com.br\/vicente\/wp-json\/wp\/v2\/users\/22"}],"replies":[{"embeddable":true,"href":"https:\/\/blogs.correiobraziliense.com.br\/vicente\/wp-json\/wp\/v2\/comments?post=7139"}],"version-history":[{"count":1,"href":"https:\/\/blogs.correiobraziliense.com.br\/vicente\/wp-json\/wp\/v2\/posts\/7139\/revisions"}],"predecessor-version":[{"id":7140,"href":"https:\/\/blogs.correiobraziliense.com.br\/vicente\/wp-json\/wp\/v2\/posts\/7139\/revisions\/7140"}],"wp:attachment":[{"href":"https:\/\/blogs.correiobraziliense.com.br\/vicente\/wp-json\/wp\/v2\/media?parent=7139"}],"wp:term":[{"taxonomy":"category","embeddable":true,"href":"https:\/\/blogs.correiobraziliense.com.br\/vicente\/wp-json\/wp\/v2\/categories?post=7139"},{"taxonomy":"post_tag","embeddable":true,"href":"https:\/\/blogs.correiobraziliense.com.br\/vicente\/wp-json\/wp\/v2\/tags?post=7139"}],"curies":[{"name":"wp","href":"https:\/\/api.w.org\/{rel}","templated":true}]}}