{"id":7134,"date":"2018-02-06T12:10:48","date_gmt":"2018-02-06T14:10:48","guid":{"rendered":"https:\/\/blogs.correiobraziliense.com.br\/vicente\/?p=7134"},"modified":"2018-02-06T12:10:48","modified_gmt":"2018-02-06T14:10:48","slug":"meirelles-convoca-presidente-do-bc-para-reuniao-de-emergencia","status":"publish","type":"post","link":"https:\/\/blogs.correiobraziliense.com.br\/vicente\/meirelles-convoca-presidente-do-bc-para-reuniao-de-emergencia\/","title":{"rendered":"Meirelles convoca presidente do BC para reuni\u00e3o de emerg\u00eancia"},"content":{"rendered":"<p>POR ANTONIO TEM\u00d3TEO<\/p>\n<p>&nbsp;<\/p>\n<p>Em meio a onda baixista das principais bolsas de valores do mundo, o ministro da Fazenda, Henrique Meirelles, convocou o presidente do Banco Central (BC), Ilan Goldfajn para uma reuni\u00e3o de emerg\u00eancia para tratar do assunto. O encontro entre os dois ocorrer\u00e1 18h.<\/p>\n<p>&nbsp;<\/p>\n<p>O temor de Meirelles \u00e9 que os movimentos de avers\u00e3o ao risco afetem a economia brasileira e pressionem a infla\u00e7\u00e3o, sobretudo com a disparada do d\u00f3lar. O movimento de prote\u00e7\u00e3o\u00a0ocorreu ap\u00f3s o mercado avaliar que a economia dos Estados Unidos pode enfrentar um processo de superaquecimento, que resultaria em press\u00f5es inflacion\u00e1rias, e obrigaria o Federal Reserve (FED) a subir os juros mais do que o estimado anteriormente pelos analistas.<\/p>\n<p>&nbsp;<\/p>\n<p>O economista-chefe do banco Fibra, Cristiano Oliveira, detalha que na \u00faltima sexta-feira foram divulgados indicadores referentes \u00e0 evolu\u00e7\u00e3o do mercado de trabalho norte-americano. Em janeiro foram criados 200 mil postos de trabalhos l\u00edquidos e a taxa de desemprego permaneceu est\u00e1vel em 4,1%. A\u00a0mediana das estimativas apontava para abertura de 180 mil vagas.<\/p>\n<p>&nbsp;<\/p>\n<p>No entanto, ele detalha que a principal surpresa que impactou os mercados foi o crescimento do sal\u00e1rio m\u00e9dio por hora trabalhada na varia\u00e7\u00e3o interanual. &#8220;Neste tipo de varia\u00e7\u00e3o, em janeiro, os rendimentos aceleraram para 2,9%, o maior crescimento desde junho de 2009&#8221;, comentou.<\/p>\n<p>&nbsp;<\/p>\n<p>Ele detalha que parcela significativa do mercado considera que a alta dos sal\u00e1rios \u00e9 o melhor indicador de press\u00e3o inflacion\u00e1ria para a economia norte-americana e o principal fator com potencial de alterar o ritmo de alta de juros nos Estados Unidos. &#8220;No entanto, ao mesmo tempo em que houve acelera\u00e7\u00e3o dos sal\u00e1rios ocorreu um leve recuo no indicador semanal de horas trabalhadas o que gera alguma d\u00favida quanto \u00e0 sustenta\u00e7\u00e3o da acelera\u00e7\u00e3o dos rendimentos&#8221;, ponderou.<\/p>\n<p>&nbsp;<\/p>\n<p>Com isso, Oliveira manteve\u00a0inalterada a estimativa de que o c\u00e2mbio terminar\u00e1 o ano em R$3,50. Ele acredita que o FED \u00a0ser\u00e1 mais \u00a0agressivo na alta de juros\u00a0ainda em 2018 e sinalizar\u00e1 aperto da pol\u00edtica monet\u00e1ria, superior ao precificado, sobretudo, 2019.<\/p>\n","protected":false},"excerpt":{"rendered":"<p>POR ANTONIO TEM\u00d3TEO &nbsp; Em meio a onda baixista das principais bolsas de valores do mundo, o ministro da Fazenda, Henrique Meirelles, convocou o presidente do Banco Central (BC), Ilan Goldfajn para uma reuni\u00e3o de emerg\u00eancia para tratar do assunto. O encontro entre os dois ocorrer\u00e1 18h. &nbsp; O temor de Meirelles \u00e9 que os [&hellip;]<\/p>\n","protected":false},"author":22,"featured_media":0,"comment_status":"open","ping_status":"closed","sticky":false,"template":"","format":"standard","meta":{"footnotes":""},"categories":[600],"tags":[3,106,343,363,1103,3109,21,107,14,2310,19,3108],"class_list":["post-7134","post","type-post","status-publish","format-standard","hentry","category-economia","tag-banco-central","tag-bc","tag-dolar","tag-estados-unidos","tag-fed","tag-federal-reserve","tag-henrique-meirelles","tag-ilan-goldfajn","tag-inflacao","tag-mercado-de-trabalho","tag-ministerio-da-fazenda","tag-reuniao-de-emergencia"],"_links":{"self":[{"href":"https:\/\/blogs.correiobraziliense.com.br\/vicente\/wp-json\/wp\/v2\/posts\/7134","targetHints":{"allow":["GET"]}}],"collection":[{"href":"https:\/\/blogs.correiobraziliense.com.br\/vicente\/wp-json\/wp\/v2\/posts"}],"about":[{"href":"https:\/\/blogs.correiobraziliense.com.br\/vicente\/wp-json\/wp\/v2\/types\/post"}],"author":[{"embeddable":true,"href":"https:\/\/blogs.correiobraziliense.com.br\/vicente\/wp-json\/wp\/v2\/users\/22"}],"replies":[{"embeddable":true,"href":"https:\/\/blogs.correiobraziliense.com.br\/vicente\/wp-json\/wp\/v2\/comments?post=7134"}],"version-history":[{"count":1,"href":"https:\/\/blogs.correiobraziliense.com.br\/vicente\/wp-json\/wp\/v2\/posts\/7134\/revisions"}],"predecessor-version":[{"id":7135,"href":"https:\/\/blogs.correiobraziliense.com.br\/vicente\/wp-json\/wp\/v2\/posts\/7134\/revisions\/7135"}],"wp:attachment":[{"href":"https:\/\/blogs.correiobraziliense.com.br\/vicente\/wp-json\/wp\/v2\/media?parent=7134"}],"wp:term":[{"taxonomy":"category","embeddable":true,"href":"https:\/\/blogs.correiobraziliense.com.br\/vicente\/wp-json\/wp\/v2\/categories?post=7134"},{"taxonomy":"post_tag","embeddable":true,"href":"https:\/\/blogs.correiobraziliense.com.br\/vicente\/wp-json\/wp\/v2\/tags?post=7134"}],"curies":[{"name":"wp","href":"https:\/\/api.w.org\/{rel}","templated":true}]}}