{"id":7132,"date":"2018-02-06T11:40:36","date_gmt":"2018-02-06T13:40:36","guid":{"rendered":"https:\/\/blogs.correiobraziliense.com.br\/vicente\/?p=7132"},"modified":"2018-02-06T11:46:54","modified_gmt":"2018-02-06T13:46:54","slug":"por-meirelles-gilberto-occhi-ja-teria-sido-demitido-da-caixa","status":"publish","type":"post","link":"https:\/\/blogs.correiobraziliense.com.br\/vicente\/por-meirelles-gilberto-occhi-ja-teria-sido-demitido-da-caixa\/","title":{"rendered":"Por Meirelles, Gilberto Occhi j\u00e1 teria sido demitido da Caixa"},"content":{"rendered":"<p>O ministro da Fazenda, Henrique Meirelles, est\u00e1 empenhado em derrubar o presidente da Caixa Econ\u00f4mica Federal, Gilberto Occhi, indicado pelo PP.<\/p>\n<p>&nbsp;<\/p>\n<p>Meirelles acredita que, depois do enterro da reforma da Previd\u00eancia, o Planalto j\u00e1 n\u00e3o ter\u00e1 mais compromissos com os partidos que se dizem aliados.<\/p>\n<p>&nbsp;<\/p>\n<p><em>Bras\u00edlia, 11h40min<\/em><\/p>\n","protected":false},"excerpt":{"rendered":"<p>O ministro da Fazenda, Henrique Meirelles, est\u00e1 empenhado em derrubar o presidente da Caixa Econ\u00f4mica Federal, Gilberto Occhi, indicado pelo PP. &nbsp; Meirelles acredita que, depois do enterro da reforma da Previd\u00eancia, o Planalto j\u00e1 n\u00e3o ter\u00e1 mais compromissos com os partidos que se dizem aliados. &nbsp; Bras\u00edlia, 11h40min<\/p>\n","protected":false},"author":22,"featured_media":0,"comment_status":"open","ping_status":"closed","sticky":false,"template":"","format":"standard","meta":{"footnotes":""},"categories":[600],"tags":[],"class_list":["post-7132","post","type-post","status-publish","format-standard","hentry","category-economia"],"_links":{"self":[{"href":"https:\/\/blogs.correiobraziliense.com.br\/vicente\/wp-json\/wp\/v2\/posts\/7132","targetHints":{"allow":["GET"]}}],"collection":[{"href":"https:\/\/blogs.correiobraziliense.com.br\/vicente\/wp-json\/wp\/v2\/posts"}],"about":[{"href":"https:\/\/blogs.correiobraziliense.com.br\/vicente\/wp-json\/wp\/v2\/types\/post"}],"author":[{"embeddable":true,"href":"https:\/\/blogs.correiobraziliense.com.br\/vicente\/wp-json\/wp\/v2\/users\/22"}],"replies":[{"embeddable":true,"href":"https:\/\/blogs.correiobraziliense.com.br\/vicente\/wp-json\/wp\/v2\/comments?post=7132"}],"version-history":[{"count":1,"href":"https:\/\/blogs.correiobraziliense.com.br\/vicente\/wp-json\/wp\/v2\/posts\/7132\/revisions"}],"predecessor-version":[{"id":7133,"href":"https:\/\/blogs.correiobraziliense.com.br\/vicente\/wp-json\/wp\/v2\/posts\/7132\/revisions\/7133"}],"wp:attachment":[{"href":"https:\/\/blogs.correiobraziliense.com.br\/vicente\/wp-json\/wp\/v2\/media?parent=7132"}],"wp:term":[{"taxonomy":"category","embeddable":true,"href":"https:\/\/blogs.correiobraziliense.com.br\/vicente\/wp-json\/wp\/v2\/categories?post=7132"},{"taxonomy":"post_tag","embeddable":true,"href":"https:\/\/blogs.correiobraziliense.com.br\/vicente\/wp-json\/wp\/v2\/tags?post=7132"}],"curies":[{"name":"wp","href":"https:\/\/api.w.org\/{rel}","templated":true}]}}