{"id":7108,"date":"2018-02-03T06:18:49","date_gmt":"2018-02-03T08:18:49","guid":{"rendered":"https:\/\/blogs.correiobraziliense.com.br\/vicente\/?p=7108"},"modified":"2018-02-03T10:47:21","modified_gmt":"2018-02-03T12:47:21","slug":"ex-gerente-do-suspeitissimo-postalis-da-as-ordens-nos-investimentos-do-serpros","status":"publish","type":"post","link":"https:\/\/blogs.correiobraziliense.com.br\/vicente\/ex-gerente-do-suspeitissimo-postalis-da-as-ordens-nos-investimentos-do-serpros\/","title":{"rendered":"Ex-gerente do suspeit\u00edssimo Postalis d\u00e1 as ordens nos investimentos do Serpros"},"content":{"rendered":"<h2>S\u00e3o muitos os rumores que agitam o Serpros, o fundo de pens\u00e3o dos empregados do Serpro, empresa controlada pelo Minist\u00e9rio da Fazenda e respons\u00e1vel por todo o sistema de tecnologia da Receita Federal.<\/h2>\n<p>&nbsp;<\/p>\n<p>O patrim\u00f4nio de mais de R$ 6 bilh\u00f5es da funda\u00e7\u00e3o est\u00e1 sob a gest\u00e3o de S\u00e9rgio Ricardo Vieira, que foi gerente de an\u00e1lise de investimentos do encrencado Postalis, o fundo dos funcion\u00e1rios dos Correios que est\u00e1 na mira da Pol\u00edcia Federal e do Minist\u00e9rio P\u00fablico.<\/p>\n<p>&nbsp;<\/p>\n<p>Vieira deu aval a muitos dos investimentos suspeitos durante as gest\u00f5es de Alexej Predtechensky e Antonio Carlos Conquista, que causaram o rombo de mais de R$ 6 bilh\u00f5es no sistema de aposentadoria complementar dos carteiros.<\/p>\n<p>&nbsp;<\/p>\n<p>Analista de investimentos \u00e9 um cargo de pouca notoriedade, mas de elevada complexidade, pois faz toda a avalia\u00e7\u00e3o t\u00e9cnica que d\u00e1 subs\u00eddios a aplica\u00e7\u00f5es dos recursos de uma funda\u00e7\u00e3o. Isso foi no Postalis. Agora, no Serpros, como diretor, Vieira d\u00e1 as cartas.<\/p>\n<p>&nbsp;<\/p>\n<p>Vale lembrar que o Serpros j\u00e1 sofreu duas interven\u00e7\u00f5es por parte da Previc, \u00f3rg\u00e3o de regula e fiscaliza o mercado de previd\u00eancia complementar. Perdeu muito dinheiro em opera\u00e7\u00f5es irregulares. Recentemente, recuperou, depois de uma ampla batalha judicial, R$ 85 milh\u00f5es que estavam no Banco BVA, em processo de liquida\u00e7\u00e3o judicial pelo Banco Central.<\/p>\n<p>&nbsp;<\/p>\n<p>Na avalia\u00e7\u00e3o de funcion\u00e1rios do Serpro que contam com a aposentadoria complementar gerida pelo Serpros, \u00e9 preciso dar mais transpar\u00eancia \u00e0 gest\u00e3o dos investimentos do fundo. Eles n\u00e3o admitem a possibilidade de verem o patrim\u00f4nio que acumularam ao longo de anos novamente dilapidado.<\/p>\n<p>&nbsp;<\/p>\n<p>&#8220;O Serpros j\u00e1 foi v\u00edtima de v\u00e1rios golpes. Perdeu muito dinheiro porque sua administra\u00e7\u00e3o foi entregue a indicados de pol\u00edticos. N\u00e3o queremos que isso se repita. A Previc precisa ficar atenta e reavaliar o perfil de todos os dirigentes de funda\u00e7\u00f5es&#8221;, diz um funcion\u00e1rio da empresa de tecnologia. &#8220;Nosso futuro precisa ser preservado e blindado de interesses pol\u00edticos&#8221;, afirma outro empregado.<\/p>\n<p>&nbsp;<\/p>\n<p><em>Bras\u00edlia, 06h18min<\/em><\/p>\n","protected":false},"excerpt":{"rendered":"<p>S\u00e3o muitos os rumores que agitam o Serpros, o fundo de pens\u00e3o dos empregados do Serpro, empresa controlada pelo Minist\u00e9rio da Fazenda e respons\u00e1vel por todo o sistema de tecnologia da Receita Federal. &nbsp; O patrim\u00f4nio de mais de R$ 6 bilh\u00f5es da funda\u00e7\u00e3o est\u00e1 sob a gest\u00e3o de S\u00e9rgio Ricardo Vieira, que foi gerente [&hellip;]<\/p>\n","protected":false},"author":22,"featured_media":0,"comment_status":"open","ping_status":"closed","sticky":false,"template":"","format":"standard","meta":{"footnotes":""},"categories":[600],"tags":[940,19,259,3104,1198],"class_list":["post-7108","post","type-post","status-publish","format-standard","hentry","category-economia","tag-investigacao","tag-ministerio-da-fazenda","tag-postalis","tag-sergio-ricardo-vieira","tag-serpros"],"_links":{"self":[{"href":"https:\/\/blogs.correiobraziliense.com.br\/vicente\/wp-json\/wp\/v2\/posts\/7108","targetHints":{"allow":["GET"]}}],"collection":[{"href":"https:\/\/blogs.correiobraziliense.com.br\/vicente\/wp-json\/wp\/v2\/posts"}],"about":[{"href":"https:\/\/blogs.correiobraziliense.com.br\/vicente\/wp-json\/wp\/v2\/types\/post"}],"author":[{"embeddable":true,"href":"https:\/\/blogs.correiobraziliense.com.br\/vicente\/wp-json\/wp\/v2\/users\/22"}],"replies":[{"embeddable":true,"href":"https:\/\/blogs.correiobraziliense.com.br\/vicente\/wp-json\/wp\/v2\/comments?post=7108"}],"version-history":[{"count":1,"href":"https:\/\/blogs.correiobraziliense.com.br\/vicente\/wp-json\/wp\/v2\/posts\/7108\/revisions"}],"predecessor-version":[{"id":7109,"href":"https:\/\/blogs.correiobraziliense.com.br\/vicente\/wp-json\/wp\/v2\/posts\/7108\/revisions\/7109"}],"wp:attachment":[{"href":"https:\/\/blogs.correiobraziliense.com.br\/vicente\/wp-json\/wp\/v2\/media?parent=7108"}],"wp:term":[{"taxonomy":"category","embeddable":true,"href":"https:\/\/blogs.correiobraziliense.com.br\/vicente\/wp-json\/wp\/v2\/categories?post=7108"},{"taxonomy":"post_tag","embeddable":true,"href":"https:\/\/blogs.correiobraziliense.com.br\/vicente\/wp-json\/wp\/v2\/tags?post=7108"}],"curies":[{"name":"wp","href":"https:\/\/api.w.org\/{rel}","templated":true}]}}