{"id":7102,"date":"2018-02-02T12:04:47","date_gmt":"2018-02-02T14:04:47","guid":{"rendered":"https:\/\/blogs.correiobraziliense.com.br\/vicente\/?p=7102"},"modified":"2018-02-02T18:24:07","modified_gmt":"2018-02-02T20:24:07","slug":"previc-e-cvm-estao-na-mira-do-m","status":"publish","type":"post","link":"https:\/\/blogs.correiobraziliense.com.br\/vicente\/previc-e-cvm-estao-na-mira-do-m\/","title":{"rendered":"Previc e CVM est\u00e3o na mira do Minist\u00e9rio P\u00fablico Federal"},"content":{"rendered":"<h2>ANTONIO TEM\u00d3TEO<\/h2>\n<h2><\/h2>\n<h2>A Superintend\u00eancia Nacional de Previd\u00eancia Complementar (Previc) e a Comiss\u00e3o de Valores Mobili\u00e1rios (CVM) est\u00e3o na mira do Minist\u00e9rio P\u00fablico Federal (MPF). Investiga\u00e7\u00e3o da Procuradoria da Rep\u00fablica no Distrito Federal (PRDF) apura por que a interven\u00e7\u00e3o do Postalis, o fundo de pens\u00e3o dos empregados dos Correios, n\u00e3o foi decretada entre os anos de 2012 e 2014.<\/h2>\n<h2><\/h2>\n<p>O procurador Ivan Cl\u00e1udio Marx quer saber se houve ou n\u00e3o omiss\u00e3o da Previc e da CVM no caso, j\u00e1 que os \u00f3rg\u00e3os de controle e supervis\u00e3o possu\u00edam evid\u00eancias e documentos que apontavam para as irregularidades cometidas pelos dirigentes do fundo de pens\u00e3o e pelas institui\u00e7\u00f5es financeiras contratadas para administrar o patrim\u00f4nio do Postalis.<\/p>\n<p>&nbsp;<\/p>\n<p>O trabalho, em fase inicial, ocorre em paralelo com as opera\u00e7\u00f5es em curso que apontaram que diversas aplica\u00e7\u00f5es do Postalis em t\u00edtulos privados ou em fundos de investimento em participa\u00e7\u00e3o foram fraudadas e resultaram no rombo de R$ 6 bilh\u00f5es. Tanto o Tribunal de Contas da Uni\u00e3o (TCU) quanto a Comiss\u00e3o Parlamentar de Inqu\u00e9rito (CPI) dos Fundos de Pens\u00e3o apuraram a poss\u00edvel omiss\u00e3o dos \u00f3rg\u00e3os de supervis\u00e3o e fiscaliza\u00e7\u00e3o.<\/p>\n<p>&nbsp;<\/p>\n<p>Conforme o ac\u00f3rd\u00e3o do TCU que analisou o caso, a Previc realizou seis procedimentos de fiscaliza\u00e7\u00e3o no Postalis entre 2012 e 2015, quando foram lavrados 42 autos de infra\u00e7\u00e3o e elaboradas 10 representa\u00e7\u00f5es por outros \u00f3rg\u00e3os de fiscaliza\u00e7\u00e3o e controle. Al\u00e9m disso, o documento indicou que 22 reuni\u00f5es entre representantes do xerife dos fundos de pens\u00e3o e dirigentes do Postalis ocorreram entre novembro de 2013 e 2015.<\/p>\n<p>&nbsp;<\/p>\n<p><strong>Interven\u00e7\u00e3o<\/strong><\/p>\n<p>&nbsp;<\/p>\n<p>Al\u00e9m disso, o relat\u00f3rio da CPI dos Fundos de Pens\u00e3o apontou que o acompanhamento da Previc, com a sa\u00edda dos gestores respons\u00e1veis pelas irregularidades, com o reconhecimento das perdas em balan\u00e7os e a mudan\u00e7a do perfil de investimentos do Postalis, afastou a necessidade de interven\u00e7\u00e3o.<\/p>\n<p>&nbsp;<\/p>\n<p>O Postalis est\u00e1 sob interven\u00e7\u00e3o da Previc desde outubro de 2017. Entretanto, a Opera\u00e7\u00e3o Pausare, deflagrada ontem pelo MPF e pela Pol\u00edcia Federal (PF), n\u00e3o tem liga\u00e7\u00e3o com o trabalho realizado atualmente pelo xerife dos fundos de pens\u00e3o. Todas as irregularidades identificadas est\u00e3o relacionadas \u00e0 gest\u00e3o da entidade fechada de previd\u00eancia complementar nas administra\u00e7\u00f5es do PT. At\u00e9 2012, os dirigentes do Postalis eram ligados ao PMDB. Entre 2012 e 2015, eram indicados pelo PT.<\/p>\n<p>&nbsp;<\/p>\n<p><em>Bras\u00edlia, 12h04min<\/em><\/p>\n","protected":false},"excerpt":{"rendered":"<p>ANTONIO TEM\u00d3TEO A Superintend\u00eancia Nacional de Previd\u00eancia Complementar (Previc) e a Comiss\u00e3o de Valores Mobili\u00e1rios (CVM) est\u00e3o na mira do Minist\u00e9rio P\u00fablico Federal (MPF). Investiga\u00e7\u00e3o da Procuradoria da Rep\u00fablica no Distrito Federal (PRDF) apura por que a interven\u00e7\u00e3o do Postalis, o fundo de pens\u00e3o dos empregados dos Correios, n\u00e3o foi decretada entre os anos de [&hellip;]<\/p>\n","protected":false},"author":22,"featured_media":0,"comment_status":"open","ping_status":"closed","sticky":false,"template":"","format":"standard","meta":{"footnotes":""},"categories":[600],"tags":[200,940,1400,259,251],"class_list":["post-7102","post","type-post","status-publish","format-standard","hentry","category-economia","tag-cvm","tag-investigacao","tag-mpf","tag-postalis","tag-previc"],"_links":{"self":[{"href":"https:\/\/blogs.correiobraziliense.com.br\/vicente\/wp-json\/wp\/v2\/posts\/7102","targetHints":{"allow":["GET"]}}],"collection":[{"href":"https:\/\/blogs.correiobraziliense.com.br\/vicente\/wp-json\/wp\/v2\/posts"}],"about":[{"href":"https:\/\/blogs.correiobraziliense.com.br\/vicente\/wp-json\/wp\/v2\/types\/post"}],"author":[{"embeddable":true,"href":"https:\/\/blogs.correiobraziliense.com.br\/vicente\/wp-json\/wp\/v2\/users\/22"}],"replies":[{"embeddable":true,"href":"https:\/\/blogs.correiobraziliense.com.br\/vicente\/wp-json\/wp\/v2\/comments?post=7102"}],"version-history":[{"count":3,"href":"https:\/\/blogs.correiobraziliense.com.br\/vicente\/wp-json\/wp\/v2\/posts\/7102\/revisions"}],"predecessor-version":[{"id":7107,"href":"https:\/\/blogs.correiobraziliense.com.br\/vicente\/wp-json\/wp\/v2\/posts\/7102\/revisions\/7107"}],"wp:attachment":[{"href":"https:\/\/blogs.correiobraziliense.com.br\/vicente\/wp-json\/wp\/v2\/media?parent=7102"}],"wp:term":[{"taxonomy":"category","embeddable":true,"href":"https:\/\/blogs.correiobraziliense.com.br\/vicente\/wp-json\/wp\/v2\/categories?post=7102"},{"taxonomy":"post_tag","embeddable":true,"href":"https:\/\/blogs.correiobraziliense.com.br\/vicente\/wp-json\/wp\/v2\/tags?post=7102"}],"curies":[{"name":"wp","href":"https:\/\/api.w.org\/{rel}","templated":true}]}}