{"id":7100,"date":"2018-02-02T11:34:07","date_gmt":"2018-02-02T13:34:07","guid":{"rendered":"https:\/\/blogs.correiobraziliense.com.br\/vicente\/?p=7100"},"modified":"2018-02-02T11:59:05","modified_gmt":"2018-02-02T13:59:05","slug":"meirelles-ja-gastou-mais-de-r-2-milhoes-em-campanha-presidencia","status":"publish","type":"post","link":"https:\/\/blogs.correiobraziliense.com.br\/vicente\/meirelles-ja-gastou-mais-de-r-2-milhoes-em-campanha-presidencia\/","title":{"rendered":"Meirelles j\u00e1 gastou mais de R$ 2 milh\u00f5es em campanha \u00e0 Presid\u00eancia"},"content":{"rendered":"<h2>\u00bb Especialistas em marketing afirmam que o ministro da Fazenda, Henrique Meirelles, j\u00e1 gastou pelo menos R$ 2 milh\u00f5es para tentar viabilizar a sua candidatura ao Pal\u00e1cio do Planalto.<\/h2>\n<p>&nbsp;<\/p>\n<p><strong>Tropa de choque<\/strong><\/p>\n<p>&nbsp;<\/p>\n<p>\u00bb Os recursos foram usados para pagar jornalistas que plantam not\u00edcias a favor do Meirelles e tentam derrubar temas desfavor\u00e1veis a ele. O dinheiro tamb\u00e9m bancou grupos especializados em m\u00eddias sociais.<\/p>\n<p>&nbsp;<\/p>\n<p><strong>Dinheiro n\u00e3o \u00e9 problema<\/strong><\/p>\n<p>&nbsp;<\/p>\n<p>\u00bb Um dos integrantes da tropa de choque de Meirelles diz que dinheiro n\u00e3o tem sido problema para a campanha do ministro. Mas tamb\u00e9m n\u00e3o se aceita esbanjamento. Ele controla tudo na ponta do l\u00e1pis.<\/p>\n<p>&nbsp;<\/p>\n<p><strong>For\u00e7a na peruca<\/strong><\/p>\n<p>&nbsp;<\/p>\n<p>\u00bb Nas reuni\u00f5es de Meirelles com a equipe de campanha, todos mostram otimismo. E refor\u00e7am que, at\u00e9 abril, quando o ministro decidir\u00e1 se vai \u00e0 luta, ele estar\u00e1 acima do 1% que registra nas atuais pesquisas eleitorais.<\/p>\n<p>&nbsp;<\/p>\n<p><em>Bras\u00edlia, 11h34min<\/em><\/p>\n","protected":false},"excerpt":{"rendered":"<p>\u00bb Especialistas em marketing afirmam que o ministro da Fazenda, Henrique Meirelles, j\u00e1 gastou pelo menos R$ 2 milh\u00f5es para tentar viabilizar a sua candidatura ao Pal\u00e1cio do Planalto. &nbsp; Tropa de choque &nbsp; \u00bb Os recursos foram usados para pagar jornalistas que plantam not\u00edcias a favor do Meirelles e tentam derrubar temas desfavor\u00e1veis a [&hellip;]<\/p>\n","protected":false},"author":22,"featured_media":0,"comment_status":"open","ping_status":"closed","sticky":false,"template":"","format":"standard","meta":{"footnotes":""},"categories":[600],"tags":[1257,802,2432,92,3103],"class_list":["post-7100","post","type-post","status-publish","format-standard","hentry","category-economia","tag-campanha","tag-gastos","tag-meirelles","tag-presidencia","tag-r-2-milhoes"],"_links":{"self":[{"href":"https:\/\/blogs.correiobraziliense.com.br\/vicente\/wp-json\/wp\/v2\/posts\/7100","targetHints":{"allow":["GET"]}}],"collection":[{"href":"https:\/\/blogs.correiobraziliense.com.br\/vicente\/wp-json\/wp\/v2\/posts"}],"about":[{"href":"https:\/\/blogs.correiobraziliense.com.br\/vicente\/wp-json\/wp\/v2\/types\/post"}],"author":[{"embeddable":true,"href":"https:\/\/blogs.correiobraziliense.com.br\/vicente\/wp-json\/wp\/v2\/users\/22"}],"replies":[{"embeddable":true,"href":"https:\/\/blogs.correiobraziliense.com.br\/vicente\/wp-json\/wp\/v2\/comments?post=7100"}],"version-history":[{"count":1,"href":"https:\/\/blogs.correiobraziliense.com.br\/vicente\/wp-json\/wp\/v2\/posts\/7100\/revisions"}],"predecessor-version":[{"id":7101,"href":"https:\/\/blogs.correiobraziliense.com.br\/vicente\/wp-json\/wp\/v2\/posts\/7100\/revisions\/7101"}],"wp:attachment":[{"href":"https:\/\/blogs.correiobraziliense.com.br\/vicente\/wp-json\/wp\/v2\/media?parent=7100"}],"wp:term":[{"taxonomy":"category","embeddable":true,"href":"https:\/\/blogs.correiobraziliense.com.br\/vicente\/wp-json\/wp\/v2\/categories?post=7100"},{"taxonomy":"post_tag","embeddable":true,"href":"https:\/\/blogs.correiobraziliense.com.br\/vicente\/wp-json\/wp\/v2\/tags?post=7100"}],"curies":[{"name":"wp","href":"https:\/\/api.w.org\/{rel}","templated":true}]}}