{"id":7098,"date":"2018-02-02T06:17:18","date_gmt":"2018-02-02T08:17:18","guid":{"rendered":"https:\/\/blogs.correiobraziliense.com.br\/vicente\/?p=7098"},"modified":"2018-02-02T07:25:50","modified_gmt":"2018-02-02T09:25:50","slug":"correio-economico-funcef-e-petros-sao-os-proximos-alvos-da-pf","status":"publish","type":"post","link":"https:\/\/blogs.correiobraziliense.com.br\/vicente\/correio-economico-funcef-e-petros-sao-os-proximos-alvos-da-pf\/","title":{"rendered":"Correio Econ\u00f4mico: Funcef e Petros s\u00e3o os pr\u00f3ximos alvos da PF"},"content":{"rendered":"<p>A Opera\u00e7\u00e3o Pausare, que investiga desvios de recursos do Postalis, o fundo de pens\u00e3o dos empregados dos Correios, foi mais um sinal de que o Minist\u00e9rio P\u00fablico e a Pol\u00edcia Federal est\u00e3o dispostos a botar na cadeia aqueles que roubam dinheiro de trabalhadores. E quem acompanha de perto as investiga\u00e7\u00f5es garante que est\u00e3o avan\u00e7ados os processos que resultar\u00e3o em a\u00e7\u00f5es semelhantes envolvendo as funda\u00e7\u00f5es dos funcion\u00e1rios da Caixa Econ\u00f4mica Federal, a Funcef, e da Petrobras, a Petros. Todas acumularam, nos \u00faltimos anos, rombos expressivos depois de terem seus comandos rateados entre o PT e o MDB. Juntos, os tr\u00eas fundos apontam deficit superior a R$ 40 bilh\u00f5es.<\/p>\n<p>&nbsp;<\/p>\n<p>A roubalheira nas funda\u00e7\u00f5es de previd\u00eancia ligadas a empresas estatais \u00e9 hist\u00f3rica. N\u00e3o por acaso, sempre estamparam as p\u00e1ginas policiais dos jornais. Por terem patrim\u00f4nios bilion\u00e1rios, s\u00e3o alvos de cobi\u00e7a de pol\u00edticos, que se aproveitam das rela\u00e7\u00f5es prom\u00edscuas com os governos de plant\u00e3o para saquear os recursos que deveriam garantir o complemento da aposentadoria de milhares de trabalhadores. Tudo sob o olhar complacente dos \u00f3rg\u00e3os fiscalizadores, que deveriam prezar pela sa\u00fade financeira das entidades, mas preferem fechar os olhos, pois seus dirigentes temem perder os cargos se partirem para o enfrentamento com os donos do poder.<\/p>\n<p>&nbsp;<\/p>\n<p>Algu\u00e9m se lembra de alguma puni\u00e7\u00e3o severa imposta pela Previc, o \u00f3rg\u00e3o respons\u00e1vel por manter a ordem nos fundos de pens\u00e3o? Tamb\u00e9m n\u00e3o h\u00e1 registro de medidas corretivas vigorosas tomadas por sua antecessora, a Secretaria de Previd\u00eancia Complementar (SPC). No m\u00e1ximo, um ou outro dirigente de funda\u00e7\u00e3o foi afastado e obrigado a pagar multas irris\u00f3rias. Tal leni\u00eancia s\u00f3 contribui para a farra nas funda\u00e7\u00f5es, que se aproveitam de estar longe dos holofotes para escancarar nas irregularidades. Impunidade sempre faz a alegria dos corruptos.<\/p>\n<p>&nbsp;<\/p>\n<p><b>Gula das quadrilhas<\/b><\/p>\n<p>&nbsp;<\/p>\n<p>Como mostra o Minist\u00e9rio P\u00fablico, a lista de benefici\u00e1rios dos esquemas criminosos nos fundos de pens\u00e3o de estatais \u00e9 extensa: diretores das funda\u00e7\u00f5es, pol\u00edticos que os indicam, ag\u00eancias de classifica\u00e7\u00e3o de risco, institui\u00e7\u00f5es financeiras, fundos de investimentos, empres\u00e1rios. A conta dos rombos, contudo, recai sempre sobre os mesmos: os trabalhadores, que s\u00e3o obrigados a aumentar suas contribui\u00e7\u00f5es para n\u00e3o perder o que j\u00e1 pouparam, e as empresas controladas pelo Tesouro Nacional. O incr\u00edvel \u00e9 que esse filme se repete constantemente e nada de efetivo \u00e9 feito para conter a gula das quadrilhas instaladas nas funda\u00e7\u00f5es.<\/p>\n<p>&nbsp;<\/p>\n<p>No governo Fernando Henrique Cardoso, os fundos de pens\u00e3o foram usados para garantir as privatiza\u00e7\u00f5es. Durante a venda do sistema Telebras, Ricardo S\u00e9rgio Oliveira, ent\u00e3o vice-presidente do Banco do Brasil e homem forte da Previ, a funda\u00e7\u00e3o dos empregados da institui\u00e7\u00e3o, ficou marcado por uma frase c\u00e9lebre: \u201cEstamos no limite da nossa irresponsabilidade\u201d. Apesar de todo o esc\u00e2ndalo que as negocia\u00e7\u00f5es nos bastidores causaram, ningu\u00e9m foi punido. As investiga\u00e7\u00f5es foram sendo encerradas sem alarde e os processos, arquivados.<\/p>\n<p>&nbsp;<\/p>\n<p>N\u00e3o \u00e0 toa, durante o governo Lula, os companheiros se sentiram livres para se apoderarem dos fundos de aposentadoria dos trabalhadores de estatais. Ex-sindicalistas foram nomeados para cargos estrat\u00e9gicos do Postalis, da Funcef e da Petros, dividindo os assentos nas administra\u00e7\u00f5es com indicados pelo MDB. Ano ap\u00f3s ano, o patrim\u00f4nio das funda\u00e7\u00f5es foi sendo dilapidado e os ganhos deram lugar a rombos impressionantes. Apesar de todas as den\u00fancias, os \u00f3rg\u00e3os reguladores e fiscalizadores fecharam os olhos. Fizeram algumas poucas ressalvas, mas nada que assustasse os esquemas criminosos agora desvendados pela Pol\u00edcia Federal e pelo Minist\u00e9rio P\u00fablico.<\/p>\n<p>&nbsp;<\/p>\n<p>Resta saber se, desta vez, as puni\u00e7\u00f5es ser\u00e3o efetivas. N\u00e3o custa lembrar que as investiga\u00e7\u00f5es de irregularidades nos fundos de pens\u00e3o se entrela\u00e7am com a Opera\u00e7\u00e3o Lava-Jato, sobretudo no caso da Funcef. A corrup\u00e7\u00e3o descoberta na funda\u00e7\u00e3o dos empregados da Caixa levou alguns dos ex-dirigentes da entidade para a cadeia e deu sustenta\u00e7\u00e3o \u00e0s acusa\u00e7\u00f5es contra o ex-deputado Eduardo Cunha e o empres\u00e1rio Joesley Batista, enjaulados pela Pol\u00edcia Federal.<\/p>\n<p>&nbsp;<\/p>\n<p><i>Bras\u00edlia, 06h17min<\/i><\/p>\n","protected":false},"excerpt":{"rendered":"<p>A Opera\u00e7\u00e3o Pausare, que investiga desvios de recursos do Postalis, o fundo de pens\u00e3o dos empregados dos Correios, foi mais um sinal de que o Minist\u00e9rio P\u00fablico e a Pol\u00edcia Federal est\u00e3o dispostos a botar na cadeia aqueles que roubam dinheiro de trabalhadores. E quem acompanha de perto as investiga\u00e7\u00f5es garante que est\u00e3o avan\u00e7ados os [&hellip;]<\/p>\n","protected":false},"author":22,"featured_media":0,"comment_status":"open","ping_status":"closed","sticky":false,"template":"","format":"standard","meta":{"footnotes":""},"categories":[600],"tags":[255,109,940,889,371,126],"class_list":["post-7098","post","type-post","status-publish","format-standard","hentry","category-economia","tag-corrupcao","tag-funcef","tag-investigacao","tag-ministerio-publico","tag-petros","tag-policia-federal"],"_links":{"self":[{"href":"https:\/\/blogs.correiobraziliense.com.br\/vicente\/wp-json\/wp\/v2\/posts\/7098","targetHints":{"allow":["GET"]}}],"collection":[{"href":"https:\/\/blogs.correiobraziliense.com.br\/vicente\/wp-json\/wp\/v2\/posts"}],"about":[{"href":"https:\/\/blogs.correiobraziliense.com.br\/vicente\/wp-json\/wp\/v2\/types\/post"}],"author":[{"embeddable":true,"href":"https:\/\/blogs.correiobraziliense.com.br\/vicente\/wp-json\/wp\/v2\/users\/22"}],"replies":[{"embeddable":true,"href":"https:\/\/blogs.correiobraziliense.com.br\/vicente\/wp-json\/wp\/v2\/comments?post=7098"}],"version-history":[{"count":1,"href":"https:\/\/blogs.correiobraziliense.com.br\/vicente\/wp-json\/wp\/v2\/posts\/7098\/revisions"}],"predecessor-version":[{"id":7099,"href":"https:\/\/blogs.correiobraziliense.com.br\/vicente\/wp-json\/wp\/v2\/posts\/7098\/revisions\/7099"}],"wp:attachment":[{"href":"https:\/\/blogs.correiobraziliense.com.br\/vicente\/wp-json\/wp\/v2\/media?parent=7098"}],"wp:term":[{"taxonomy":"category","embeddable":true,"href":"https:\/\/blogs.correiobraziliense.com.br\/vicente\/wp-json\/wp\/v2\/categories?post=7098"},{"taxonomy":"post_tag","embeddable":true,"href":"https:\/\/blogs.correiobraziliense.com.br\/vicente\/wp-json\/wp\/v2\/tags?post=7098"}],"curies":[{"name":"wp","href":"https:\/\/api.w.org\/{rel}","templated":true}]}}