{"id":7092,"date":"2018-02-01T19:04:01","date_gmt":"2018-02-01T21:04:01","guid":{"rendered":"https:\/\/blogs.correiobraziliense.com.br\/vicente\/?p=7092"},"modified":"2018-02-01T20:29:28","modified_gmt":"2018-02-01T22:29:28","slug":"presidente-do-bndes-e-investigado-pelo-mpf-por-desvios-no-postalis","status":"publish","type":"post","link":"https:\/\/blogs.correiobraziliense.com.br\/vicente\/presidente-do-bndes-e-investigado-pelo-mpf-por-desvios-no-postalis\/","title":{"rendered":"Presidente do BNDES \u00e9 investigado pelo MPF por desvios no Postalis"},"content":{"rendered":"<p>POR ANTONIO TEM\u00d3TEO<\/p>\n<p>&nbsp;<\/p>\n<p>Al\u00e9m de ser conduzido coercitivamente para prestar depoimento \u00e0 Pol\u00edcia Federal, o juiz\u00a0 Vallisney de Souza Oliveira, titular 10\u00aa vara federal em Bras\u00edlia (DF), determinou a quebra dos sigilos fiscal e banc\u00e1rio do presidente do Banco Nacional do Desenvolvimento Econ\u00f4mico e Social (BNDES), Paulo Rabello de Castro.<\/p>\n<p>&nbsp;<\/p>\n<p>Rabello De Castro \u00e9 investigado porque a empresa da qual \u00e9 s\u00f3cio, a SR Ranting, elaborou relat\u00f3rios favor\u00e1veis a aquisi\u00e7\u00e3o de C\u00e9dulas de Cr\u00e9dito Imobili\u00e1rio (CCI), no valor de R$ 109,8 milh\u00f5es, da empresa Mudar Master II. Conforme o MPF, as c\u00e9dulas n\u00e3o tinham garantias reais e foram lastradas em deb\u00eantures emitidas por empresas do mesmo grupo que apresentavam diversas irregularidades.<\/p>\n<p>&nbsp;<\/p>\n<p>Entre as irregularidades estava o fato de a Mudar Empreendimentos Imobili\u00e1rios n\u00e3o estar registrada na Comiss\u00e3o de Valores Mobili\u00e1rios (CVM) \u00e0 \u00e9poca da emiss\u00e3o de d\u00eanbtures e da Mudar Master n\u00e3o ter desembolsado qualquer valor para a aquisi\u00e7\u00e3o das denb\u00eantures.<\/p>\n<p>&nbsp;<\/p>\n<p>Al\u00e9m disso, segundo o auto de infra\u00e7\u00e3o da Previc, a Mudar Master II se tornou inadimplente logo a partir de setembro de 2011 e, mesmo ap\u00f3s o calote, o Postalis adquiriu mais R$ 25 milh\u00f5es de CCI da empresa, indicando falha ou m\u00e1-f\u00e9 dos envolvidos. Procurado, o BNDES ainda n\u00e3o se manifestou sobre o envolvimento do presidente no caso.<\/p>\n<p>&nbsp;<\/p>\n<p><strong>Explica\u00e7\u00f5es<\/strong><\/p>\n<p>&nbsp;<\/p>\n<p>Em nota, a SR Rating informou que o comit\u00ea de classifica\u00e7\u00e3o de risco da ag\u00eancia aprovou, entre 2009\u00a0 e 2010, opera\u00e7\u00f5es de cr\u00e9dito realizadas para o Grupo Mudar.\u00a0 Por norma, as ag\u00eancias de classifica\u00e7\u00e3o de risco n\u00e3o t\u00eam acesso a informa\u00e7\u00e3o sobre os futuros compradores, entre eles o Postalis.<\/p>\n<p>&nbsp;<\/p>\n<p>Conforme a empresa, o Rabello de Castro \u00e9 um dos s\u00f3cios da SR Rating e ap\u00f3s\u00a0 ap\u00f3s ter conhecimento da opera\u00e7\u00e3o de busca e apreens\u00e3o em sua resid\u00eancia, no Rio Janeiro, se dirigiu voluntariamente para prestar esclarecimentos \u00e0 Pol\u00edcia Federal em Bras\u00edlia.<\/p>\n<p>&nbsp;<\/p>\n<p>A ag\u00eancia de classifica\u00e7\u00e3o de riscos destacou que mant\u00e9m a qualidade t\u00e9cnica e a independ\u00eancia das opera\u00e7\u00f5es classificadas pelo seu comit\u00ea. \u201cCom 25 anos de atua\u00e7\u00e3o no mercado, a SR Rating reafirma seu compromisso com o rigor e a excel\u00eancia t\u00e9cnica das suas an\u00e1lises e est\u00e1 \u00e0 disposi\u00e7\u00e3o das autoridades\u201d<\/p>\n","protected":false},"excerpt":{"rendered":"<p>POR ANTONIO TEM\u00d3TEO &nbsp; Al\u00e9m de ser conduzido coercitivamente para prestar depoimento \u00e0 Pol\u00edcia Federal, o juiz\u00a0 Vallisney de Souza Oliveira, titular 10\u00aa vara federal em Bras\u00edlia (DF), determinou a quebra dos sigilos fiscal e banc\u00e1rio do presidente do Banco Nacional do Desenvolvimento Econ\u00f4mico e Social (BNDES), Paulo Rabello de Castro. &nbsp; Rabello De Castro [&hellip;]<\/p>\n","protected":false},"author":22,"featured_media":0,"comment_status":"open","ping_status":"closed","sticky":false,"template":"","format":"standard","meta":{"footnotes":""},"categories":[600],"tags":[3076,89,3100,3101,2285,259,3102],"class_list":["post-7092","post","type-post","status-publish","format-standard","hentry","category-economia","tag-banco-nacional-do-desenvolvimento-economico-e-social","tag-bndes","tag-cci","tag-parecer-favoravel","tag-paulo-rabello-de-castro","tag-postalis","tag-sr-rating"],"_links":{"self":[{"href":"https:\/\/blogs.correiobraziliense.com.br\/vicente\/wp-json\/wp\/v2\/posts\/7092","targetHints":{"allow":["GET"]}}],"collection":[{"href":"https:\/\/blogs.correiobraziliense.com.br\/vicente\/wp-json\/wp\/v2\/posts"}],"about":[{"href":"https:\/\/blogs.correiobraziliense.com.br\/vicente\/wp-json\/wp\/v2\/types\/post"}],"author":[{"embeddable":true,"href":"https:\/\/blogs.correiobraziliense.com.br\/vicente\/wp-json\/wp\/v2\/users\/22"}],"replies":[{"embeddable":true,"href":"https:\/\/blogs.correiobraziliense.com.br\/vicente\/wp-json\/wp\/v2\/comments?post=7092"}],"version-history":[{"count":3,"href":"https:\/\/blogs.correiobraziliense.com.br\/vicente\/wp-json\/wp\/v2\/posts\/7092\/revisions"}],"predecessor-version":[{"id":7097,"href":"https:\/\/blogs.correiobraziliense.com.br\/vicente\/wp-json\/wp\/v2\/posts\/7092\/revisions\/7097"}],"wp:attachment":[{"href":"https:\/\/blogs.correiobraziliense.com.br\/vicente\/wp-json\/wp\/v2\/media?parent=7092"}],"wp:term":[{"taxonomy":"category","embeddable":true,"href":"https:\/\/blogs.correiobraziliense.com.br\/vicente\/wp-json\/wp\/v2\/categories?post=7092"},{"taxonomy":"post_tag","embeddable":true,"href":"https:\/\/blogs.correiobraziliense.com.br\/vicente\/wp-json\/wp\/v2\/tags?post=7092"}],"curies":[{"name":"wp","href":"https:\/\/api.w.org\/{rel}","templated":true}]}}