{"id":7084,"date":"2018-02-01T11:40:08","date_gmt":"2018-02-01T13:40:08","guid":{"rendered":"https:\/\/blogs.correiobraziliense.com.br\/vicente\/?p=7084"},"modified":"2018-02-01T12:00:55","modified_gmt":"2018-02-01T14:00:55","slug":"servidores-engordam-contracheques-em-r-430-milhoes-por-mes","status":"publish","type":"post","link":"https:\/\/blogs.correiobraziliense.com.br\/vicente\/servidores-engordam-contracheques-em-r-430-milhoes-por-mes\/","title":{"rendered":"Servidores engordam contracheques em R$ 430 milh\u00f5es por m\u00eas"},"content":{"rendered":"<h2>O governo est\u00e1 pagando a partir desta quinta-feira, 1\u00ba de fevereiro, os sal\u00e1rios de servidores da ativa e aposentados. Boa parte deles est\u00e1 com o contracheque mais gordo. Pelos c\u00e1lculos do Minist\u00e9rio do Planejamento, est\u00e3o sendo pagos cerca de R$ 430 milh\u00f5es a mais.<\/h2>\n<p>&nbsp;<\/p>\n<p>Esse valor se refere ao aumento aprovado pelo Congresso em 2016, dentro das negocia\u00e7\u00f5es acertadas no fim do governo de Dilma Rousseff. Est\u00e3o sendo beneficiados, sobretudo, os servidores que integram a elite do funcionalismo, as chamadas carreiras de Estado.<\/p>\n<p>&nbsp;<\/p>\n<p>A previs\u00e3o do governo era de que o reajuste fosse adiado deste ano para 2019, mas o ministro Ricardo Lewandowski, do Supremo Tribunal Federal (STF), garantiu o aumento por meio de liminar. A previs\u00e3o inicial do governo era de economizar R$ 4,4 bilh\u00f5es para ajudar no ajuste fiscal.<\/p>\n<p>&nbsp;<\/p>\n<p>Mas, refeitos os c\u00e1lculos, o Planejamento descobriu que os aumentos, se mantidos por todo o ano, custar\u00e3o R$ 5,6 bilh\u00f5es aos cofres p\u00fablicos. Esse valor, inclusive, j\u00e1 foi inclu\u00eddo no Or\u00e7amento de 2018. O governo admite que ainda pode recorrer da decis\u00e3o do Supremo. Mas poucos acreditam que tenha sucesso.<\/p>\n<p>&nbsp;<\/p>\n<p>Lewandowski tamb\u00e9em proibiu o aumento da contribui\u00e7\u00e3o previdenci\u00e1ria do servidor de 11% para 14% incidente sobre a parcela do sal\u00e1rio que exceder as R$ 5,5 mil.<\/p>\n<p>&nbsp;<\/p>\n<p><em>Bras\u00edlia, \u00a011h40min<\/em><\/p>\n","protected":false},"excerpt":{"rendered":"<p>O governo est\u00e1 pagando a partir desta quinta-feira, 1\u00ba de fevereiro, os sal\u00e1rios de servidores da ativa e aposentados. Boa parte deles est\u00e1 com o contracheque mais gordo. Pelos c\u00e1lculos do Minist\u00e9rio do Planejamento, est\u00e3o sendo pagos cerca de R$ 430 milh\u00f5es a mais. &nbsp; Esse valor se refere ao aumento aprovado pelo Congresso em [&hellip;]<\/p>\n","protected":false},"author":22,"featured_media":0,"comment_status":"open","ping_status":"closed","sticky":false,"template":"","format":"standard","meta":{"footnotes":""},"categories":[600],"tags":[],"class_list":["post-7084","post","type-post","status-publish","format-standard","hentry","category-economia"],"_links":{"self":[{"href":"https:\/\/blogs.correiobraziliense.com.br\/vicente\/wp-json\/wp\/v2\/posts\/7084","targetHints":{"allow":["GET"]}}],"collection":[{"href":"https:\/\/blogs.correiobraziliense.com.br\/vicente\/wp-json\/wp\/v2\/posts"}],"about":[{"href":"https:\/\/blogs.correiobraziliense.com.br\/vicente\/wp-json\/wp\/v2\/types\/post"}],"author":[{"embeddable":true,"href":"https:\/\/blogs.correiobraziliense.com.br\/vicente\/wp-json\/wp\/v2\/users\/22"}],"replies":[{"embeddable":true,"href":"https:\/\/blogs.correiobraziliense.com.br\/vicente\/wp-json\/wp\/v2\/comments?post=7084"}],"version-history":[{"count":1,"href":"https:\/\/blogs.correiobraziliense.com.br\/vicente\/wp-json\/wp\/v2\/posts\/7084\/revisions"}],"predecessor-version":[{"id":7085,"href":"https:\/\/blogs.correiobraziliense.com.br\/vicente\/wp-json\/wp\/v2\/posts\/7084\/revisions\/7085"}],"wp:attachment":[{"href":"https:\/\/blogs.correiobraziliense.com.br\/vicente\/wp-json\/wp\/v2\/media?parent=7084"}],"wp:term":[{"taxonomy":"category","embeddable":true,"href":"https:\/\/blogs.correiobraziliense.com.br\/vicente\/wp-json\/wp\/v2\/categories?post=7084"},{"taxonomy":"post_tag","embeddable":true,"href":"https:\/\/blogs.correiobraziliense.com.br\/vicente\/wp-json\/wp\/v2\/tags?post=7084"}],"curies":[{"name":"wp","href":"https:\/\/api.w.org\/{rel}","templated":true}]}}