{"id":7080,"date":"2018-01-31T22:37:13","date_gmt":"2018-02-01T00:37:13","guid":{"rendered":"https:\/\/blogs.correiobraziliense.com.br\/vicente\/?p=7080"},"modified":"2018-01-31T22:37:13","modified_gmt":"2018-02-01T00:37:13","slug":"aviao-da-pane-e-american-airlines-se-preocupa-com-fones-de-ouvido","status":"publish","type":"post","link":"https:\/\/blogs.correiobraziliense.com.br\/vicente\/aviao-da-pane-e-american-airlines-se-preocupa-com-fones-de-ouvido\/","title":{"rendered":"Avi\u00e3o d\u00e1 pane e American Airlines se preocupa com fones de ouvido"},"content":{"rendered":"<h2>ANNA RUSSI<\/h2>\n<h2><\/h2>\n<h2>Um voo da American Airlines, AA 1265, de Miami para Manaus, ficou parado nesta quarta-feira, 31, com os passageiros embarcados por mais de uma hora no aeroporto da cidade norte-americana sem nenhuma informa\u00e7\u00e3o.<\/h2>\n<p>&nbsp;<\/p>\n<p>Depois dos muitos questionamentos dos passageiros, a empresa informou que o sistema de navega\u00e7\u00e3o estava com problemas, mas n\u00e3o deram detalhes.<\/p>\n<p>&nbsp;<\/p>\n<p>Meia hora depois, sem servir a \u00e1gua prometida, a tripula\u00e7\u00e3o informou aos passageiros que haveria uma troca de aeronave. A grande preocupa\u00e7\u00e3o foi que as pessoas n\u00e3o esquecessem os fones de ouvido j\u00e1 que no outro avi\u00e3o n\u00e3o haveria esse artigo t\u00e3o fundamental.<\/p>\n<p>&nbsp;<\/p>\n<p><em>Bras\u00edlia, 22h29min<\/em><\/p>\n","protected":false},"excerpt":{"rendered":"<p>ANNA RUSSI Um voo da American Airlines, AA 1265, de Miami para Manaus, ficou parado nesta quarta-feira, 31, com os passageiros embarcados por mais de uma hora no aeroporto da cidade norte-americana sem nenhuma informa\u00e7\u00e3o. &nbsp; Depois dos muitos questionamentos dos passageiros, a empresa informou que o sistema de navega\u00e7\u00e3o estava com problemas, mas n\u00e3o [&hellip;]<\/p>\n","protected":false},"author":22,"featured_media":0,"comment_status":"open","ping_status":"closed","sticky":false,"template":"","format":"standard","meta":{"footnotes":""},"categories":[600],"tags":[3095,3096,3098,3097,3099],"class_list":["post-7080","post","type-post","status-publish","format-standard","hentry","category-economia","tag-american-airlines","tag-fones","tag-miami","tag-ouvido","tag-pane"],"_links":{"self":[{"href":"https:\/\/blogs.correiobraziliense.com.br\/vicente\/wp-json\/wp\/v2\/posts\/7080","targetHints":{"allow":["GET"]}}],"collection":[{"href":"https:\/\/blogs.correiobraziliense.com.br\/vicente\/wp-json\/wp\/v2\/posts"}],"about":[{"href":"https:\/\/blogs.correiobraziliense.com.br\/vicente\/wp-json\/wp\/v2\/types\/post"}],"author":[{"embeddable":true,"href":"https:\/\/blogs.correiobraziliense.com.br\/vicente\/wp-json\/wp\/v2\/users\/22"}],"replies":[{"embeddable":true,"href":"https:\/\/blogs.correiobraziliense.com.br\/vicente\/wp-json\/wp\/v2\/comments?post=7080"}],"version-history":[{"count":1,"href":"https:\/\/blogs.correiobraziliense.com.br\/vicente\/wp-json\/wp\/v2\/posts\/7080\/revisions"}],"predecessor-version":[{"id":7081,"href":"https:\/\/blogs.correiobraziliense.com.br\/vicente\/wp-json\/wp\/v2\/posts\/7080\/revisions\/7081"}],"wp:attachment":[{"href":"https:\/\/blogs.correiobraziliense.com.br\/vicente\/wp-json\/wp\/v2\/media?parent=7080"}],"wp:term":[{"taxonomy":"category","embeddable":true,"href":"https:\/\/blogs.correiobraziliense.com.br\/vicente\/wp-json\/wp\/v2\/categories?post=7080"},{"taxonomy":"post_tag","embeddable":true,"href":"https:\/\/blogs.correiobraziliense.com.br\/vicente\/wp-json\/wp\/v2\/tags?post=7080"}],"curies":[{"name":"wp","href":"https:\/\/api.w.org\/{rel}","templated":true}]}}