{"id":7078,"date":"2018-01-31T21:18:40","date_gmt":"2018-01-31T23:18:40","guid":{"rendered":"https:\/\/blogs.correiobraziliense.com.br\/vicente\/?p=7078"},"modified":"2018-03-23T23:56:06","modified_gmt":"2018-03-24T02:56:06","slug":"carlos-thadeu-deve-suceder-rabello-de-castro-no-bndes","status":"publish","type":"post","link":"https:\/\/blogs.correiobraziliense.com.br\/vicente\/carlos-thadeu-deve-suceder-rabello-de-castro-no-bndes\/","title":{"rendered":"Carlos Thadeu deve suceder Rabello de Castro no BNDES"},"content":{"rendered":"<p>ANTONIO TEM\u00d3TEO<\/p>\n<p>&nbsp;<\/p>\n<p>No que depender de Paulo Rabello de Castro, seu sucessor na presid\u00eancia do Banco Nacional de Desenvolvimento Econ\u00f4mico e Social (BNDES) j\u00e1 est\u00e1 escolhido: ser\u00e1 Carlos Thadeu de Freitas Gomes, hoje diretor da \u00c1rea Financeira do BNDES.<\/p>\n<p>&nbsp;<\/p>\n<p>\u201cEle tem todas as condi\u00e7\u00f5es de tocar o banco. Al\u00e9m do conhecimento t\u00e9cnico, desfruta de \u00f3timo tr\u00e2nsito no Banco Central e no Minist\u00e9rio da Fazenda. \u00c9 o que a institui\u00e7\u00e3o precisa\u201d, sentencia Rabello de Castro, que ser\u00e1 candidato \u00e0 Presid\u00eancia da Rep\u00fablica pelo nanico PSC. Ele tem 1% das inten\u00e7\u00f5es de votos.<\/p>\n<p>&nbsp;<\/p>\n<p><em>Bras\u00edlia, 21h18min<\/em><\/p>\n","protected":false},"excerpt":{"rendered":"<p>ANTONIO TEM\u00d3TEO &nbsp; No que depender de Paulo Rabello de Castro, seu sucessor na presid\u00eancia do Banco Nacional de Desenvolvimento Econ\u00f4mico e Social (BNDES) j\u00e1 est\u00e1 escolhido: ser\u00e1 Carlos Thadeu de Freitas Gomes, hoje diretor da \u00c1rea Financeira do BNDES. &nbsp; \u201cEle tem todas as condi\u00e7\u00f5es de tocar o banco. Al\u00e9m do conhecimento t\u00e9cnico, desfruta [&hellip;]<\/p>\n","protected":false},"author":22,"featured_media":0,"comment_status":"open","ping_status":"closed","sticky":false,"template":"","format":"standard","meta":{"footnotes":""},"categories":[600],"tags":[89,3093,2285,3094],"class_list":["post-7078","post","type-post","status-publish","format-standard","hentry","category-economia","tag-bndes","tag-carlos-thadeu","tag-paulo-rabello-de-castro","tag-sucessao"],"_links":{"self":[{"href":"https:\/\/blogs.correiobraziliense.com.br\/vicente\/wp-json\/wp\/v2\/posts\/7078","targetHints":{"allow":["GET"]}}],"collection":[{"href":"https:\/\/blogs.correiobraziliense.com.br\/vicente\/wp-json\/wp\/v2\/posts"}],"about":[{"href":"https:\/\/blogs.correiobraziliense.com.br\/vicente\/wp-json\/wp\/v2\/types\/post"}],"author":[{"embeddable":true,"href":"https:\/\/blogs.correiobraziliense.com.br\/vicente\/wp-json\/wp\/v2\/users\/22"}],"replies":[{"embeddable":true,"href":"https:\/\/blogs.correiobraziliense.com.br\/vicente\/wp-json\/wp\/v2\/comments?post=7078"}],"version-history":[{"count":1,"href":"https:\/\/blogs.correiobraziliense.com.br\/vicente\/wp-json\/wp\/v2\/posts\/7078\/revisions"}],"predecessor-version":[{"id":7079,"href":"https:\/\/blogs.correiobraziliense.com.br\/vicente\/wp-json\/wp\/v2\/posts\/7078\/revisions\/7079"}],"wp:attachment":[{"href":"https:\/\/blogs.correiobraziliense.com.br\/vicente\/wp-json\/wp\/v2\/media?parent=7078"}],"wp:term":[{"taxonomy":"category","embeddable":true,"href":"https:\/\/blogs.correiobraziliense.com.br\/vicente\/wp-json\/wp\/v2\/categories?post=7078"},{"taxonomy":"post_tag","embeddable":true,"href":"https:\/\/blogs.correiobraziliense.com.br\/vicente\/wp-json\/wp\/v2\/tags?post=7078"}],"curies":[{"name":"wp","href":"https:\/\/api.w.org\/{rel}","templated":true}]}}