{"id":7065,"date":"2018-01-26T11:36:18","date_gmt":"2018-01-26T13:36:18","guid":{"rendered":"https:\/\/blogs.correiobraziliense.com.br\/vicente\/?p=7065"},"modified":"2018-01-26T13:00:50","modified_gmt":"2018-01-26T15:00:50","slug":"so-criticam-o-judiciario-os-politicos-que-tem-ficha-suja","status":"publish","type":"post","link":"https:\/\/blogs.correiobraziliense.com.br\/vicente\/so-criticam-o-judiciario-os-politicos-que-tem-ficha-suja\/","title":{"rendered":"S\u00f3 criticam o Judici\u00e1rio os pol\u00edticos que t\u00eam a ficha suja"},"content":{"rendered":"<p>A condena\u00e7\u00e3o do ex-presidente Lula a 12 anos e um m\u00eas de pris\u00e3o agu\u00e7ou o sentido de defesa dos pol\u00edticos que t\u00eam a ficha suja. Temendo serem condenados e presos, engrossaram o coro dos que s\u00e3o contr\u00e1rios ao que chamam de ativismo judicial.<\/p>\n<p>&nbsp;<\/p>\n<p>O Judici\u00e1rio est\u00e1 fazendo, e muito bem, a parte dele. Os pol\u00edticos que est\u00e3o preocupados com as recentes decis\u00f5es judiciais certamente cometeram crimes e est\u00e3o morrendo de medo de serem pegos. Como diz um ditado popular, quem n\u00e3o deve, n\u00e3o teme.<\/p>\n<p>&nbsp;<\/p>\n<p>Os pol\u00edticos que est\u00e3o acostumados \u00e0s velhas pr\u00e1ticas n\u00e3o se deram conta de que o Judici\u00e1rio mudou. Juizes, delegados, procuradores \u00a0desembargadores corruptos s\u00e3o hoje minoria. As novas gera\u00e7\u00f5es que ocupam cargos estrat\u00e9gicos dentro do Judici\u00e1rio n\u00e3o compartilham das pr\u00e1ticas do passado, em que bastava &#8220;molhar as m\u00e3os&#8221; das autoridades para que todas as irregularidades fossem esquecidas.<\/p>\n<p>&nbsp;<\/p>\n<p>Em vez de ficarem atacando o Judici\u00e1rio, tentando desqualificar decis\u00f5es importantes para o pa\u00eds, os pol\u00edticos deveriam sair do atraso e se adaptarem \u00e0 nova realidade, na qual n\u00e3o h\u00e1 mais toler\u00e2ncia com os malfeitos. O Judici\u00e1rio, com todas as suas falhas, entrou no mundo novo. Os pol\u00edticos, infelizmente, continuam acreditando no pa\u00eds do jeitinho.<\/p>\n<p>&nbsp;<\/p>\n<p>O pior \u00e9 ver que parte da popula\u00e7\u00e3o (pequena, \u00e9 verdade) ainda acredita nesse discurso canhestro do pol\u00edticos, que s\u00f3 est\u00e3o preocupados em proteger a pr\u00f3pria pele. Os recentes discursos em rela\u00e7\u00e3o a Lula s\u00e3o \u00f3timos exemplos disso, pois tentam demonizar decis\u00f5es de tribunais que foram t\u00e9cnicas e sustentadas em provas consistentes.<\/p>\n<p>&nbsp;<\/p>\n<p>Estranhe quando um pol\u00edtico bater demais na Justi\u00e7a. Na verdade, ele n\u00e3o est\u00e1 pensando no bem do pa\u00eds, mas em manter brechas para continuar roubando, corrompendo e traindo o eleitorado sob o manto da impunidade. De bobos, os pol\u00edticos n\u00e3o t\u00eam nada. J\u00e1 o povo, infelizmente, continua a acreditar em lorotas embaladas em marketing duvidoso.<\/p>\n<p>&nbsp;<\/p>\n<p><i>Bras\u00edlia, 11h36min<\/i><\/p>\n","protected":false},"excerpt":{"rendered":"<p>A condena\u00e7\u00e3o do ex-presidente Lula a 12 anos e um m\u00eas de pris\u00e3o agu\u00e7ou o sentido de defesa dos pol\u00edticos que t\u00eam a ficha suja. Temendo serem condenados e presos, engrossaram o coro dos que s\u00e3o contr\u00e1rios ao que chamam de ativismo judicial. &nbsp; O Judici\u00e1rio est\u00e1 fazendo, e muito bem, a parte dele. Os [&hellip;]<\/p>\n","protected":false},"author":22,"featured_media":0,"comment_status":"open","ping_status":"closed","sticky":false,"template":"","format":"standard","meta":{"footnotes":""},"categories":[600],"tags":[],"class_list":["post-7065","post","type-post","status-publish","format-standard","hentry","category-economia"],"_links":{"self":[{"href":"https:\/\/blogs.correiobraziliense.com.br\/vicente\/wp-json\/wp\/v2\/posts\/7065","targetHints":{"allow":["GET"]}}],"collection":[{"href":"https:\/\/blogs.correiobraziliense.com.br\/vicente\/wp-json\/wp\/v2\/posts"}],"about":[{"href":"https:\/\/blogs.correiobraziliense.com.br\/vicente\/wp-json\/wp\/v2\/types\/post"}],"author":[{"embeddable":true,"href":"https:\/\/blogs.correiobraziliense.com.br\/vicente\/wp-json\/wp\/v2\/users\/22"}],"replies":[{"embeddable":true,"href":"https:\/\/blogs.correiobraziliense.com.br\/vicente\/wp-json\/wp\/v2\/comments?post=7065"}],"version-history":[{"count":1,"href":"https:\/\/blogs.correiobraziliense.com.br\/vicente\/wp-json\/wp\/v2\/posts\/7065\/revisions"}],"predecessor-version":[{"id":7066,"href":"https:\/\/blogs.correiobraziliense.com.br\/vicente\/wp-json\/wp\/v2\/posts\/7065\/revisions\/7066"}],"wp:attachment":[{"href":"https:\/\/blogs.correiobraziliense.com.br\/vicente\/wp-json\/wp\/v2\/media?parent=7065"}],"wp:term":[{"taxonomy":"category","embeddable":true,"href":"https:\/\/blogs.correiobraziliense.com.br\/vicente\/wp-json\/wp\/v2\/categories?post=7065"},{"taxonomy":"post_tag","embeddable":true,"href":"https:\/\/blogs.correiobraziliense.com.br\/vicente\/wp-json\/wp\/v2\/tags?post=7065"}],"curies":[{"name":"wp","href":"https:\/\/api.w.org\/{rel}","templated":true}]}}