{"id":7063,"date":"2018-01-26T09:58:53","date_gmt":"2018-01-26T11:58:53","guid":{"rendered":"https:\/\/blogs.correiobraziliense.com.br\/vicente\/?p=7063"},"modified":"2018-01-26T12:24:22","modified_gmt":"2018-01-26T14:24:22","slug":"petistas-prontos-para-aconselhar-lula-fugir-do-pais","status":"publish","type":"post","link":"https:\/\/blogs.correiobraziliense.com.br\/vicente\/petistas-prontos-para-aconselhar-lula-fugir-do-pais\/","title":{"rendered":"Petistas prontos para aconselhar Lula a fugir do pa\u00eds"},"content":{"rendered":"<p>DENISE ROTHENBURG<\/p>\n<p>&nbsp;<\/p>\n<p>Obviamente, Lula n\u00e3o cogita sair do pa\u00eds em busca de asilo pol\u00edtico. Nem poder\u00e1, agora que seu passaporte foi recolhido por ordem da Justi\u00e7a do Distrito Federal. Por\u00e9m, petistas e outros aliados que passaram pela dura vida no c\u00e1rcere comentam, em conversas reservadas, que est\u00e3o prontos a aconselharem o ex-presidente a fugir do Brasil caso a pris\u00e3o dele seja inevit\u00e1vel.<\/p>\n<p>&nbsp;<\/p>\n<p>Em Cuba, por exemplo, cogitam alguns, Lula ser\u00e1 muito mais \u00fatil ao PT do que atr\u00e1s das grades. De l\u00e1, poder\u00e1 manter o discurso de persegui\u00e7\u00e3o pol\u00edtica, gravar v\u00eddeos e continuar mobilizando o seu partido e influenciando nas elei\u00e7\u00f5es, ainda que a dist\u00e2ncia e sem poder pisar no pa\u00eds.<\/p>\n<p>&nbsp;<\/p>\n<p>A dire\u00e7\u00e3o do PT e aqueles que est\u00e3o todos os dias com Lula sugerem outros caminhos. O primeiro deles \u00e9 promover uma onda de fora do pa\u00eds para dentro, com a vinda de juristas estrangeiros em defesa de Lula, de forma a criar desconforto \u00e0 Justi\u00e7a brasileira por deixar o petista fora do pleito.\u00a0O segundo vem do MST, que espera reunir 100 mil no Maracan\u00e3.<\/p>\n<p>&nbsp;<\/p>\n<p>Por fim, o pr\u00f3prio Lula percorrer\u00e1 o pa\u00eds tentando mobilizar militantes e popula\u00e7\u00e3o em geral. Se nada disso der certo para garantir a candidatura \u00e0 Presid\u00eancia da Rep\u00fablica &#8212; at\u00e9 porque n\u00e3o caber\u00e1 \u00e0 Justi\u00e7a Eleitoral analisar o m\u00e9rito da condena\u00e7\u00e3o, e, sim, se houve uma condena\u00e7\u00e3o em segunda inst\u00e2ncia &#8211;, Cuba n\u00e3o deixa de ser um destino.<\/p>\n<p>&nbsp;<\/p>\n<p><i>Bras\u00edlia, 09h58min<\/i><\/p>\n","protected":false},"excerpt":{"rendered":"<p>DENISE ROTHENBURG &nbsp; Obviamente, Lula n\u00e3o cogita sair do pa\u00eds em busca de asilo pol\u00edtico. Nem poder\u00e1, agora que seu passaporte foi recolhido por ordem da Justi\u00e7a do Distrito Federal. Por\u00e9m, petistas e outros aliados que passaram pela dura vida no c\u00e1rcere comentam, em conversas reservadas, que est\u00e3o prontos a aconselharem o ex-presidente a fugir [&hellip;]<\/p>\n","protected":false},"author":22,"featured_media":0,"comment_status":"open","ping_status":"closed","sticky":false,"template":"","format":"standard","meta":{"footnotes":""},"categories":[600],"tags":[378,845,952,3091,164,282,23,351],"class_list":["post-7063","post","type-post","status-publish","format-standard","hentry","category-economia","tag-brasil","tag-candidatura","tag-cuba","tag-elecoes","tag-fuga","tag-justica","tag-lula","tag-prisao"],"_links":{"self":[{"href":"https:\/\/blogs.correiobraziliense.com.br\/vicente\/wp-json\/wp\/v2\/posts\/7063","targetHints":{"allow":["GET"]}}],"collection":[{"href":"https:\/\/blogs.correiobraziliense.com.br\/vicente\/wp-json\/wp\/v2\/posts"}],"about":[{"href":"https:\/\/blogs.correiobraziliense.com.br\/vicente\/wp-json\/wp\/v2\/types\/post"}],"author":[{"embeddable":true,"href":"https:\/\/blogs.correiobraziliense.com.br\/vicente\/wp-json\/wp\/v2\/users\/22"}],"replies":[{"embeddable":true,"href":"https:\/\/blogs.correiobraziliense.com.br\/vicente\/wp-json\/wp\/v2\/comments?post=7063"}],"version-history":[{"count":1,"href":"https:\/\/blogs.correiobraziliense.com.br\/vicente\/wp-json\/wp\/v2\/posts\/7063\/revisions"}],"predecessor-version":[{"id":7064,"href":"https:\/\/blogs.correiobraziliense.com.br\/vicente\/wp-json\/wp\/v2\/posts\/7063\/revisions\/7064"}],"wp:attachment":[{"href":"https:\/\/blogs.correiobraziliense.com.br\/vicente\/wp-json\/wp\/v2\/media?parent=7063"}],"wp:term":[{"taxonomy":"category","embeddable":true,"href":"https:\/\/blogs.correiobraziliense.com.br\/vicente\/wp-json\/wp\/v2\/categories?post=7063"},{"taxonomy":"post_tag","embeddable":true,"href":"https:\/\/blogs.correiobraziliense.com.br\/vicente\/wp-json\/wp\/v2\/tags?post=7063"}],"curies":[{"name":"wp","href":"https:\/\/api.w.org\/{rel}","templated":true}]}}