{"id":7060,"date":"2018-01-26T06:57:42","date_gmt":"2018-01-26T08:57:42","guid":{"rendered":"https:\/\/blogs.correiobraziliense.com.br\/vicente\/?p=7060"},"modified":"2018-01-26T11:10:54","modified_gmt":"2018-01-26T13:10:54","slug":"bndes-vai-antecipar-r-30-bi-ao-tesouro-no-primeiro-semestre-de-2018","status":"publish","type":"post","link":"https:\/\/blogs.correiobraziliense.com.br\/vicente\/bndes-vai-antecipar-r-30-bi-ao-tesouro-no-primeiro-semestre-de-2018\/","title":{"rendered":"BNDES vai antecipar R$ 30 bi ao Tesouro no primeiro semestre de 2018"},"content":{"rendered":"<p>O ministro do Planejamento, Dyogo Oliveira, j\u00e1 foi avisado informalmente: o Banco Nacional de Desenvolvimento Econ\u00f4mico e Social (BNDES) vai antecipar o repasse de R$ 30 bilh\u00f5es ao Tesouro Nacional ainda no primeiro semestre deste ano. No total, ser\u00e3o transferidos R$ 130 bilh\u00f5es aos cofres p\u00fablicos.<\/p>\n<p>&nbsp;<\/p>\n<p>O repasse de recursos ser\u00e1 vital para que o Tesouro n\u00e3o descumpra a regra de ouro, o que caracterizaria crime de responsabilidade fiscal. Segundo o diretor Financeiro do BNDES, Carlos Thadeu de Freitas Gomes, todas as arestas entre o banco e o Minist\u00e9rio da Fazenda j\u00e1 foram aparadas. &#8220;O BNDES cumprir\u00e1 tudo o que foi acertado&#8221;, diz.<\/p>\n<p>&nbsp;<\/p>\n<p>Os R$ 100 bilh\u00f5es restantes ser\u00e3o transferidos ao Tesouro ao longo do segundo semestre. Ainda n\u00e3o h\u00e1 um cronograma fechado, mas os repasses ser\u00e3o feitos de acordo com o fluxo de caixa do BNDES a fim de garantir tranquilidade nos financiamentos ao setor privado. &#8220;Os R$ 130 bilh\u00f5es ao Tesouro est\u00e3o garantidos e vamos antecipar R$ 30 bilh\u00f5es neste primeiro semestre&#8221;, avisa Thadeu.<\/p>\n<p>&nbsp;<\/p>\n<p><i>Bras\u00edlia, 06h57min<\/i><\/p>\n","protected":false},"excerpt":{"rendered":"<p>O ministro do Planejamento, Dyogo Oliveira, j\u00e1 foi avisado informalmente: o Banco Nacional de Desenvolvimento Econ\u00f4mico e Social (BNDES) vai antecipar o repasse de R$ 30 bilh\u00f5es ao Tesouro Nacional ainda no primeiro semestre deste ano. No total, ser\u00e3o transferidos R$ 130 bilh\u00f5es aos cofres p\u00fablicos. &nbsp; O repasse de recursos ser\u00e1 vital para que [&hellip;]<\/p>\n","protected":false},"author":22,"featured_media":0,"comment_status":"open","ping_status":"closed","sticky":false,"template":"","format":"standard","meta":{"footnotes":""},"categories":[600],"tags":[2470,89,1235,121],"class_list":["post-7060","post","type-post","status-publish","format-standard","hentry","category-economia","tag-antecipacao","tag-bndes","tag-r-30-bilhoes","tag-tesouro-nacional"],"_links":{"self":[{"href":"https:\/\/blogs.correiobraziliense.com.br\/vicente\/wp-json\/wp\/v2\/posts\/7060","targetHints":{"allow":["GET"]}}],"collection":[{"href":"https:\/\/blogs.correiobraziliense.com.br\/vicente\/wp-json\/wp\/v2\/posts"}],"about":[{"href":"https:\/\/blogs.correiobraziliense.com.br\/vicente\/wp-json\/wp\/v2\/types\/post"}],"author":[{"embeddable":true,"href":"https:\/\/blogs.correiobraziliense.com.br\/vicente\/wp-json\/wp\/v2\/users\/22"}],"replies":[{"embeddable":true,"href":"https:\/\/blogs.correiobraziliense.com.br\/vicente\/wp-json\/wp\/v2\/comments?post=7060"}],"version-history":[{"count":2,"href":"https:\/\/blogs.correiobraziliense.com.br\/vicente\/wp-json\/wp\/v2\/posts\/7060\/revisions"}],"predecessor-version":[{"id":7062,"href":"https:\/\/blogs.correiobraziliense.com.br\/vicente\/wp-json\/wp\/v2\/posts\/7060\/revisions\/7062"}],"wp:attachment":[{"href":"https:\/\/blogs.correiobraziliense.com.br\/vicente\/wp-json\/wp\/v2\/media?parent=7060"}],"wp:term":[{"taxonomy":"category","embeddable":true,"href":"https:\/\/blogs.correiobraziliense.com.br\/vicente\/wp-json\/wp\/v2\/categories?post=7060"},{"taxonomy":"post_tag","embeddable":true,"href":"https:\/\/blogs.correiobraziliense.com.br\/vicente\/wp-json\/wp\/v2\/tags?post=7060"}],"curies":[{"name":"wp","href":"https:\/\/api.w.org\/{rel}","templated":true}]}}