{"id":7057,"date":"2018-01-25T06:57:28","date_gmt":"2018-01-25T08:57:28","guid":{"rendered":"https:\/\/blogs.correiobraziliense.com.br\/vicente\/?p=7057"},"modified":"2018-01-25T10:04:24","modified_gmt":"2018-01-25T12:04:24","slug":"correio-economico-o-mito-desnudado","status":"publish","type":"post","link":"https:\/\/blogs.correiobraziliense.com.br\/vicente\/correio-economico-o-mito-desnudado\/","title":{"rendered":"Correio Econ\u00f4mico: O mito desnudado"},"content":{"rendered":"<p>Foi um julgamento extremamente t\u00e9cnico. Por mais que os partid\u00e1rios do ex-presidente Lula gritem que a decis\u00e3o do Tribunal Regional Federal da 4\u00aa Regi\u00e3o (TRF-4) de conden\u00e1-lo a 12 anos e um m\u00eas de pris\u00e3o pelos crimes de corrup\u00e7\u00e3o e lavagem de dinheiro tenha sido pol\u00edtica, sobraram provas para que os tr\u00eas desembargadores deixassem o petista mais perto da pris\u00e3o e praticamente ineleg\u00edvel. As quase 10 horas de julgamento explicitaram uma certeza: \u201cLula se corrompeu\u201d, como bem ressaltou o procurador Maur\u00edcio Gotardo Gerun, representante do Minist\u00e9rio P\u00fablico Federal no TRF-4.<\/p>\n<p>&nbsp;<\/p>\n<p>Para quem acompanhou, desde o in\u00edcio, a trajet\u00f3ria de Lula, \u00e9 desalentador lidar com a derrota t\u00e3o contundente imposta pela Justi\u00e7a. Gera\u00e7\u00f5es inteiras cresceram e se engajaram politicamente ouvindo o petista bradar que jamais compactuaria com a velha pol\u00edtica que sempre prevaleceu no pa\u00eds. Em alto e bom som, dizia que o PT, o seu partido, tinha um compromisso inabal\u00e1vel com a \u00e9tica. Nas v\u00e1rias elei\u00e7\u00f5es em que concorreu, prometeu que, se eleito, varreria do mapa os corruptos e os picaretas que enriqueceram se locupletando com o poder em detrimento dos mais pobres.<\/p>\n<p>&nbsp;<\/p>\n<p>Toda essa imagem do Lula \u00e9tico, do inimigo dos pol\u00edticos corruptos, foi se desfazendo t\u00e3o logo ele chegou \u00e0 Presid\u00eancia da Rep\u00fablica. Acusado de distribuir mesadas dentro do Congresso em troca de apoio a projetos do governo, quase caiu. S\u00f3 n\u00e3o sofreu um impeachment porque se jogou no colo do PMDB, o partido que ele defenestrava por reunir o maior n\u00famero de corruptos por metro quadrado. A fim de se manter no poder, no entanto, Lula estava disposto a tudo, inclusive a rasgar sua biografia. Cercado e apoiado justamente pelos pol\u00edticos que ele recha\u00e7ava, foi reeleito e conseguiu fazer sua sucessora, Dilma Rousseff. Para isso, liderou o maior esquema de corrup\u00e7\u00e3o que se tem not\u00edcia no pa\u00eds, o da Petrobras.<\/p>\n<p>&nbsp;<\/p>\n<p>As investiga\u00e7\u00f5es conduzidas pela Opera\u00e7\u00e3o Lava-Jato desnudaram o mito. \u00c0 medida que os fatos foram sendo revelados, o defensor da \u00e9tica e da moralidade deu lugar a um l\u00edder de organiza\u00e7\u00e3o criminosa, como apontado nas pe\u00e7as de acusa\u00e7\u00e3o. Nas palavras do desembargador Leandro Paulsen, do TRF-4, \u201ch\u00e1 elementos de sobra a demonstrar que (Lula) concorreu de modo livre e consciente para viabilizar esses crimes (corrup\u00e7\u00e3o e lavagem de dinheiro) e perpetu\u00e1-los\u201d. O mesmo Paulsen disse que a participa\u00e7\u00e3o do petista na roubalheira da Petrobras foi \u201cinequ\u00edvoca\u201d.<\/p>\n<p>&nbsp;<\/p>\n<p><b>For\u00e7a do STF<\/b><\/p>\n<p>&nbsp;<\/p>\n<p>No entender do ex-ministro da Transpar\u00eancia Fabiano Silveira, consultor para assuntos jur\u00eddicos da Guide Investimentos, Lula, a partir de agora, ter\u00e1 que se preocupar mais em se livrar da pris\u00e3o do que em concorrer nas elei\u00e7\u00f5es de outubro pr\u00f3ximo. Ele ressalta que a condena\u00e7\u00e3o dur\u00edssima em segunda inst\u00e2ncia praticamente tira o petista da disputa presidencial, que s\u00f3 conseguir\u00e1 se livrar da cadeia no Supremo Tribunal Federal (STF), pois a tend\u00eancia \u00e9 de que um pedido de habeas corpus cair\u00e1 na segunda turma da mais alta Corte do pa\u00eds. Dos cinco integrantes, apenas o ministro Edson Fachin \u00e9 a favor da pris\u00e3o imediata de r\u00e9us condenados em segunda inst\u00e2ncia.<\/p>\n<p>&nbsp;<\/p>\n<p>Silveira destaca ainda que, ao elevar a pena de Lula para 12 anos e um m\u00eas (o prazo original era de nove anos e meio), o TRF-4 sinalizou que ser\u00e1 bastante contundente nos demais processos em que o petista \u00e9 r\u00e9u \u2014 o da compra do terreno do Instituto Lula e o do s\u00edtio de Atibaia. \u201cAs portas est\u00e3o se fechando. E, certamente, o Tribunal Superior Eleitoral (TSE), quando provocado, negar\u00e1 o pedido de registro da candidatura de Lula\u201d, frisa. Se o TSE seguir em outra dire\u00e7\u00e3o, desmoralizar\u00e1 o pleito e a Lei da Ficha Limpa. \u201cNa verdade, daqui por diante, Lula estar\u00e1 mais preocupado em garantir sua liberdade.\u201d<\/p>\n<p>&nbsp;<\/p>\n<p>Para o ex-ministro, o julgamento do TRF-4 foi extremante t\u00e9cnico. Os desembargadores mostraram que prezam a independ\u00eancia para decidir e que n\u00e3o v\u00e3o se intimidar com press\u00f5es, venham elas de onde vierem. Esse recado partiu, sobretudo, do desembargador Victor Laus: \u201cAs provas, sejam documentais, sejam testemunhais, resistiram \u00e0s cr\u00edticas, ao contraponto e ao embate\u201d. Lula foi condenado no caso do tr\u00edplex de Guaruj\u00e1. Pela acusa\u00e7\u00e3o do Minist\u00e9rio P\u00fablico Federal, ele recebeu R$ 3,7 milh\u00f5es da Construtora OAS em troca de contratos com a Petrobras.<\/p>\n<p>&nbsp;<\/p>\n<p><b>Mais um poste<\/b><\/p>\n<p>&nbsp;<\/p>\n<p>No campo econ\u00f4mico, a vis\u00e3o entre os especialistas \u00e9 de que, com Lula fora da sucess\u00e3o presidencial, ser\u00e1 poss\u00edvel construir uma candidatura de centro forte o suficiente para vencer a disputa. A percep\u00e7\u00e3o \u00e9 de que o escolhido nas urnas ter\u00e1 compromisso com reformas estruturais, sobretudo com a da Previd\u00eancia, caso ela n\u00e3o seja aprovada no governo de Michel Temer. A confian\u00e7a nesse cen\u00e1rio pode ser medida pelo desempenho da Bolsa de Valores de S\u00e3o Paulo, que registrou recorde hist\u00f3rico, ao cravar os 83.680 pontos. A valoriza\u00e7\u00e3o de 3,72% agregou R$ 100 bilh\u00f5es ao valor de mercado das empresas listadas no preg\u00e3o paulista.<\/p>\n<p>&nbsp;<\/p>\n<p>A perspectiva entre os analistas \u00e9 de que, sem grandes turbul\u00eancias no quadro eleitoral, o Brasil crescer\u00e1 3% ou mais em 2018. Um presidente reformista e comprometido com o ajuste fiscal a partir de 2019 garantir\u00e1 avan\u00e7o cont\u00ednuo do Produto Interno Bruto (PIB) sem press\u00f5es inflacion\u00e1rias e com taxas de juros pr\u00f3ximas dos n\u00edveis mais baixos da hist\u00f3ria. Todos que trabalham com esse cen\u00e1rio otimista reconhecem, contudo, que Lula n\u00e3o desistir\u00e1 f\u00e1cil da guerra. Vai recorrer a todas as inst\u00e2ncias para viabilizar sua candidatura. Ao mesmo tempo, preparar\u00e1 seu substituto. Resta saber se, depois de sua maior derrota e correndo o risco de ser preso, o petista ter\u00e1 for\u00e7a suficiente para eleger mais um poste. \u00c9 aguardar para ver.<\/p>\n<p>&nbsp;<\/p>\n<p><i>Bras\u00edlia, 06h57min<\/i><\/p>\n","protected":false},"excerpt":{"rendered":"<p>Foi um julgamento extremamente t\u00e9cnico. Por mais que os partid\u00e1rios do ex-presidente Lula gritem que a decis\u00e3o do Tribunal Regional Federal da 4\u00aa Regi\u00e3o (TRF-4) de conden\u00e1-lo a 12 anos e um m\u00eas de pris\u00e3o pelos crimes de corrup\u00e7\u00e3o e lavagem de dinheiro tenha sido pol\u00edtica, sobraram provas para que os tr\u00eas desembargadores deixassem o [&hellip;]<\/p>\n","protected":false},"author":22,"featured_media":0,"comment_status":"open","ping_status":"closed","sticky":false,"template":"","format":"standard","meta":{"footnotes":""},"categories":[600],"tags":[],"class_list":["post-7057","post","type-post","status-publish","format-standard","hentry","category-economia"],"_links":{"self":[{"href":"https:\/\/blogs.correiobraziliense.com.br\/vicente\/wp-json\/wp\/v2\/posts\/7057","targetHints":{"allow":["GET"]}}],"collection":[{"href":"https:\/\/blogs.correiobraziliense.com.br\/vicente\/wp-json\/wp\/v2\/posts"}],"about":[{"href":"https:\/\/blogs.correiobraziliense.com.br\/vicente\/wp-json\/wp\/v2\/types\/post"}],"author":[{"embeddable":true,"href":"https:\/\/blogs.correiobraziliense.com.br\/vicente\/wp-json\/wp\/v2\/users\/22"}],"replies":[{"embeddable":true,"href":"https:\/\/blogs.correiobraziliense.com.br\/vicente\/wp-json\/wp\/v2\/comments?post=7057"}],"version-history":[{"count":1,"href":"https:\/\/blogs.correiobraziliense.com.br\/vicente\/wp-json\/wp\/v2\/posts\/7057\/revisions"}],"predecessor-version":[{"id":7058,"href":"https:\/\/blogs.correiobraziliense.com.br\/vicente\/wp-json\/wp\/v2\/posts\/7057\/revisions\/7058"}],"wp:attachment":[{"href":"https:\/\/blogs.correiobraziliense.com.br\/vicente\/wp-json\/wp\/v2\/media?parent=7057"}],"wp:term":[{"taxonomy":"category","embeddable":true,"href":"https:\/\/blogs.correiobraziliense.com.br\/vicente\/wp-json\/wp\/v2\/categories?post=7057"},{"taxonomy":"post_tag","embeddable":true,"href":"https:\/\/blogs.correiobraziliense.com.br\/vicente\/wp-json\/wp\/v2\/tags?post=7057"}],"curies":[{"name":"wp","href":"https:\/\/api.w.org\/{rel}","templated":true}]}}