{"id":7055,"date":"2018-01-24T18:31:05","date_gmt":"2018-01-24T20:31:05","guid":{"rendered":"https:\/\/blogs.correiobraziliense.com.br\/vicente\/?p=7055"},"modified":"2018-01-24T19:23:42","modified_gmt":"2018-01-24T21:23:42","slug":"bolsa-bate-recorde-e-dolar-desaba-com-condenacao-de-lula","status":"publish","type":"post","link":"https:\/\/blogs.correiobraziliense.com.br\/vicente\/bolsa-bate-recorde-e-dolar-desaba-com-condenacao-de-lula\/","title":{"rendered":"Bolsa bate recorde e d\u00f3lar desaba com a condena\u00e7\u00e3o de Lula"},"content":{"rendered":"<h2>O dia foi de festa no mercado financeiro. A condena\u00e7\u00e3o, por unanimidade, do ex-presidente Lula a 12 anos e um m\u00eas de pris\u00e3o (a pena original, de nove anos e seis meses, foi aumentada) levou a Bolsa de Valores de S\u00e3o Paulo a registrar recorde hist\u00f3rico. O Ibovespa, que mede a lucratividade das a\u00e7\u00f5es mais negociadas no preg\u00e3o paulista, cravou os 83.680 pontos, com alta de 3,72%, a maior para um \u00fanico dia desde 3 de janeiro de 2017 (3,73%).<\/h2>\n<p>&nbsp;<\/p>\n<p>No mercado de c\u00e2mbio, o d\u00f3lar desabou 2,47%, fechando em R$ 3,15, a cota\u00e7\u00e3o mais baixa desde outubro do ano passado. Para os investidores, a condena\u00e7\u00e3o, definida pelos desembargadores Jo\u00e3o Pedro Gebran, Leandro Paulsen e Victor Laus, do Tribunal Regional Federal da 4\u00aa Regi\u00e3o (TRF-4), tira Lula da disputa eleitoral. O petista \u00e9 visto como um risco para a continuidade de uma pol\u00edtica econ\u00f4mica respons\u00e1vel, que priorize o ajuste fiscal e as reformas.<\/p>\n<p>&nbsp;<\/p>\n<p>Na avalia\u00e7\u00e3o dos especialistas, a condena\u00e7\u00e3o de Lula abre espa\u00e7o para o governo aprovar a reforma da Previd\u00eancia a partir de fevereiro deste ano, pois mostra aos parlamentares que o pa\u00eds n\u00e3o pode optar por retrocessos. A senten\u00e7a do TRF-4 foi vista como um avan\u00e7o importante, que deve prevalecer na pol\u00edtica.<\/p>\n<p>&nbsp;<\/p>\n<p>Ao longo da quarta-feira, 24, a bolsa de valores subiu 3 mil pontos. Praticamente todas as a\u00e7\u00f5es que comp\u00f5em o Ibovespa se valorizaram. Os pap\u00e9is de empresas estatais foram destaques, pois, no entender dos investidores, com Lula fora das elei\u00e7\u00f5es, n\u00e3o voltar\u00e3o a ser usadas politicamente. As a\u00e7\u00f5es preferenciais (PN) da Petrobras deram um salto de 5,84%, para R$ 19,34. J\u00e1 Eletrobras PNB avan\u00e7ou 9,69%, para R$ 22,65. As a\u00e7\u00f5es do Banco do Brasil apontaram valoriza\u00e7\u00e3o de 7,93%, para R$ 37,97.<\/p>\n<p>&nbsp;<\/p>\n<p>A expectativa \u00e9 de que, com o surgimento de uma candidatura de centro forte, capaz de vencer as pr\u00f3ximas elei\u00e7\u00f5es, o Ibovespa pode encerrar o ano aos 95 mil pontos. As compras de a\u00e7\u00f5es dever\u00e3o ser puxadas, sobretudo, pelos investidores estrangeiros, que j\u00e1 vinham se antecipando \u00e0 decis\u00e3o do TRF-4.<\/p>\n<p>&nbsp;<\/p>\n<p><em>Bras\u00edlia, 18h31min<\/em><\/p>\n<p>&nbsp;<\/p>\n<p>&nbsp;<\/p>\n","protected":false},"excerpt":{"rendered":"<p>O dia foi de festa no mercado financeiro. A condena\u00e7\u00e3o, por unanimidade, do ex-presidente Lula a 12 anos e um m\u00eas de pris\u00e3o (a pena original, de nove anos e seis meses, foi aumentada) levou a Bolsa de Valores de S\u00e3o Paulo a registrar recorde hist\u00f3rico. O Ibovespa, que mede a lucratividade das a\u00e7\u00f5es mais [&hellip;]<\/p>\n","protected":false},"author":22,"featured_media":0,"comment_status":"open","ping_status":"closed","sticky":false,"template":"","format":"standard","meta":{"footnotes":""},"categories":[600],"tags":[],"class_list":["post-7055","post","type-post","status-publish","format-standard","hentry","category-economia"],"_links":{"self":[{"href":"https:\/\/blogs.correiobraziliense.com.br\/vicente\/wp-json\/wp\/v2\/posts\/7055","targetHints":{"allow":["GET"]}}],"collection":[{"href":"https:\/\/blogs.correiobraziliense.com.br\/vicente\/wp-json\/wp\/v2\/posts"}],"about":[{"href":"https:\/\/blogs.correiobraziliense.com.br\/vicente\/wp-json\/wp\/v2\/types\/post"}],"author":[{"embeddable":true,"href":"https:\/\/blogs.correiobraziliense.com.br\/vicente\/wp-json\/wp\/v2\/users\/22"}],"replies":[{"embeddable":true,"href":"https:\/\/blogs.correiobraziliense.com.br\/vicente\/wp-json\/wp\/v2\/comments?post=7055"}],"version-history":[{"count":1,"href":"https:\/\/blogs.correiobraziliense.com.br\/vicente\/wp-json\/wp\/v2\/posts\/7055\/revisions"}],"predecessor-version":[{"id":7056,"href":"https:\/\/blogs.correiobraziliense.com.br\/vicente\/wp-json\/wp\/v2\/posts\/7055\/revisions\/7056"}],"wp:attachment":[{"href":"https:\/\/blogs.correiobraziliense.com.br\/vicente\/wp-json\/wp\/v2\/media?parent=7055"}],"wp:term":[{"taxonomy":"category","embeddable":true,"href":"https:\/\/blogs.correiobraziliense.com.br\/vicente\/wp-json\/wp\/v2\/categories?post=7055"},{"taxonomy":"post_tag","embeddable":true,"href":"https:\/\/blogs.correiobraziliense.com.br\/vicente\/wp-json\/wp\/v2\/tags?post=7055"}],"curies":[{"name":"wp","href":"https:\/\/api.w.org\/{rel}","templated":true}]}}