{"id":7039,"date":"2018-01-24T06:10:32","date_gmt":"2018-01-24T08:10:32","guid":{"rendered":"https:\/\/blogs.correiobraziliense.com.br\/vicente\/?p=7039"},"modified":"2018-01-24T11:25:07","modified_gmt":"2018-01-24T13:25:07","slug":"correio-economico-todos-os-olhos-em-lula-mas-o-que-importa-e-2019","status":"publish","type":"post","link":"https:\/\/blogs.correiobraziliense.com.br\/vicente\/correio-economico-todos-os-olhos-em-lula-mas-o-que-importa-e-2019\/","title":{"rendered":"Correio Econ\u00f4mico: Todos os olhos em Lula, mas o que importa \u00e9 2019"},"content":{"rendered":"<h2>Todos os olhos estar\u00e3o voltados hoje para Porto Alegre, mas, independentemente do resultado do julgamento do ex-presidente Lula pelo Tribunal Regional Federal (TRF-4), n\u00e3o se espera grandes solavancos na atividade econ\u00f4mica. O crescimento deste ano est\u00e1 contratado e, certamente, ficar\u00e1 acima de 2,5%. O problema \u00e9 2019. A incerteza em rela\u00e7\u00e3o aos candidatos que estar\u00e3o efetivamente na disputa pela Presid\u00eancia da Rep\u00fablica e o temor de um descompromisso do vencedor com uma agenda reformista tiram o sono dos investidores.<\/h2>\n<p>&nbsp;<\/p>\n<p>Os donos do dinheiro se prepararam muito bem para chegar a esse 24 de janeiro. Nas \u00faltimas semanas, bancos e corretoras contrataram os principais juristas do pa\u00eds para entender o que ser\u00e1 o julgamento de Lula e o que resultar\u00e1 dele. Todos est\u00e3o cientes de que ser\u00e1 um processo longo, de muitos recursos, que mexer\u00e1 com o humor de muita gente. O mais importante, na vis\u00e3o dos investidores, \u00e9 que, at\u00e9 outubro, seja constru\u00edda uma candidatura vi\u00e1vel para derrotar o petista ou aquele que vier a substitu\u00ed-lo na disputa caso os tribunais decidam por tir\u00e1-lo do p\u00e1reo definitivamente.<\/p>\n<p>&nbsp;<\/p>\n<p>Lula j\u00e1 teve uma \u00f3tima rela\u00e7\u00e3o com o mercado financeiro. Em 2003, quando assumiu, pela primeira vez, a Presid\u00eancia da Rep\u00fablica, seguiu regiamente a cartilha do liberalismo. Naquele ano, fez o maior superavit prim\u00e1rio da hist\u00f3ria do Brasil, de mais de 4% do Produto Interno Bruto (PIB). O compromisso do petista com uma pol\u00edtica fiscal r\u00edgida foi t\u00e3o forte que, depois de uma breve recess\u00e3o, a economia voltou a crescer com for\u00e7a, a infla\u00e7\u00e3o caiu e o Banco Central cortou os juros. Com a economia sob controle, Lula pode executar uma pol\u00edtica social vitoriosa.<\/p>\n<p>&nbsp;<\/p>\n<p>A lua de mel do petista com o mercado financeiro ultrapassou os dois mandatos dele. Os investidores deram cr\u00e9dito total \u00e0 sucessora que ele escolheu, Dilma Rousseff. Contudo, a op\u00e7\u00e3o dela por romper com o consenso da responsabilidade fiscal, adotando a tal matriz econ\u00f4mica, enterrou as boas rela\u00e7\u00f5es dos investidores com o PT. A partir dali, e com os sucessivos esc\u00e2ndalos da Lava-Jato, que resultaram no processo que ser\u00e1 julgado hoje pelo TRF-4, Lula retomou o discurso que entoou at\u00e9 2002, quando divulgou a Carta ao Povo Brasileiro, se comprometendo a seguir as boas regras da gest\u00e3o p\u00fablica.<\/p>\n<p>&nbsp;<\/p>\n<p><b>D\u00favidas<\/b><\/p>\n<p>&nbsp;<\/p>\n<p>Para Ivo Chermont, economista-chefe da gestora de recursos Quantitas, mesmo que Lula continue como candidato \u00e0 Presid\u00eancia, n\u00e3o haver\u00e1 retrocessos na retomada do crescimento econ\u00f4mico. Ele acredita que os juros v\u00e3o cair dos atuais 7% para 6,75% ao ano na reuni\u00e3o de fevereiro do Comit\u00ea de Pol\u00edtica Monet\u00e1ria (Copom) e permanecer\u00e3o neste n\u00edvel ao longo do ano. Prev\u00ea que o d\u00f3lar se manter\u00e1 relativamente est\u00e1vel, com recupera\u00e7\u00e3o da confian\u00e7a dos consumidores e do empresariado. \u201cN\u00e3o h\u00e1 d\u00favidas de que o processo envolvendo o ex-presidente Lula \u00e9 complexo, mas n\u00e3o vejo muito impacto da decis\u00e3o judicial sobre ele na economia\u201d, afirma.<\/p>\n<p>&nbsp;<\/p>\n<p>Ele ressalta que nem a total indefini\u00e7\u00e3o das elei\u00e7\u00f5es presidenciais deve interferir, de forma substancial, na disposi\u00e7\u00e3o do empresariado de investir na amplia\u00e7\u00e3o de seus neg\u00f3cios. Chermont conta que fez um amplo levantamento sobre o ritmo dos investimentos produtivos em per\u00edodos eleitorais e n\u00e3o encontrou grande retra\u00e7\u00e3o. \u201cPeguei os dados de um ano antes, do ano das elei\u00e7\u00f5es e do ano seguinte e n\u00e3o encontrei grandes varia\u00e7\u00f5es. O que importa \u00e9 a confian\u00e7a no crescimento da economia. E, hoje, o quadro \u00e9 favor\u00e1vel. H\u00e1 dinheiro de sobra nos mercados e as empresas est\u00e3o com resultados melhores\u201d, frisa.<\/p>\n<p>&nbsp;<\/p>\n<p>Mas \u00e9 preciso, no entender do economista, clarear o cen\u00e1rio em rela\u00e7\u00e3o a 2019. Olhando apenas para o que se tem hoje, sobram incertezas. \u201cN\u00e3o se sabe se quem estiver sentado na cadeira presidencial a partir do ano que vem estar\u00e1 comprometido com reformas\u201d, diz. Esse comprometimento \u00e9 vital, porque os investidores est\u00e3o cada vez mais convencidos de que as mudan\u00e7as no sistema de aposentadorias, que o presidente Michel Temer promete votar a partir de fevereiro pr\u00f3ximo, n\u00e3o sair\u00e3o. Ser\u00e1 o futuro comandante do pa\u00eds que ter\u00e1 a miss\u00e3o de conter o rombo no regime previdenci\u00e1rio e evitar o descontrole fiscal.<\/p>\n<p>&nbsp;<\/p>\n<p><i>Bras\u00edlia, 06h10min<\/i><\/p>\n","protected":false},"excerpt":{"rendered":"<p>Todos os olhos estar\u00e3o voltados hoje para Porto Alegre, mas, independentemente do resultado do julgamento do ex-presidente Lula pelo Tribunal Regional Federal (TRF-4), n\u00e3o se espera grandes solavancos na atividade econ\u00f4mica. O crescimento deste ano est\u00e1 contratado e, certamente, ficar\u00e1 acima de 2,5%. O problema \u00e9 2019. A incerteza em rela\u00e7\u00e3o aos candidatos que estar\u00e3o [&hellip;]<\/p>\n","protected":false},"author":22,"featured_media":0,"comment_status":"open","ping_status":"closed","sticky":false,"template":"","format":"standard","meta":{"footnotes":""},"categories":[600],"tags":[2369,3085,665,3051,23,3052],"class_list":["post-7039","post","type-post","status-publish","format-standard","hentry","category-economia","tag-2369","tag-condenacao","tag-eleicoes","tag-julgamento","tag-lula","tag-trf-4"],"_links":{"self":[{"href":"https:\/\/blogs.correiobraziliense.com.br\/vicente\/wp-json\/wp\/v2\/posts\/7039","targetHints":{"allow":["GET"]}}],"collection":[{"href":"https:\/\/blogs.correiobraziliense.com.br\/vicente\/wp-json\/wp\/v2\/posts"}],"about":[{"href":"https:\/\/blogs.correiobraziliense.com.br\/vicente\/wp-json\/wp\/v2\/types\/post"}],"author":[{"embeddable":true,"href":"https:\/\/blogs.correiobraziliense.com.br\/vicente\/wp-json\/wp\/v2\/users\/22"}],"replies":[{"embeddable":true,"href":"https:\/\/blogs.correiobraziliense.com.br\/vicente\/wp-json\/wp\/v2\/comments?post=7039"}],"version-history":[{"count":4,"href":"https:\/\/blogs.correiobraziliense.com.br\/vicente\/wp-json\/wp\/v2\/posts\/7039\/revisions"}],"predecessor-version":[{"id":7043,"href":"https:\/\/blogs.correiobraziliense.com.br\/vicente\/wp-json\/wp\/v2\/posts\/7039\/revisions\/7043"}],"wp:attachment":[{"href":"https:\/\/blogs.correiobraziliense.com.br\/vicente\/wp-json\/wp\/v2\/media?parent=7039"}],"wp:term":[{"taxonomy":"category","embeddable":true,"href":"https:\/\/blogs.correiobraziliense.com.br\/vicente\/wp-json\/wp\/v2\/categories?post=7039"},{"taxonomy":"post_tag","embeddable":true,"href":"https:\/\/blogs.correiobraziliense.com.br\/vicente\/wp-json\/wp\/v2\/tags?post=7039"}],"curies":[{"name":"wp","href":"https:\/\/api.w.org\/{rel}","templated":true}]}}