{"id":7037,"date":"2018-01-23T16:09:05","date_gmt":"2018-01-23T18:09:05","guid":{"rendered":"https:\/\/blogs.correiobraziliense.com.br\/vicente\/?p=7037"},"modified":"2018-01-23T17:26:09","modified_gmt":"2018-01-23T19:26:09","slug":"mdic-investiga-conduta-de-presidente-do-inmetro","status":"publish","type":"post","link":"https:\/\/blogs.correiobraziliense.com.br\/vicente\/mdic-investiga-conduta-de-presidente-do-inmetro\/","title":{"rendered":"Mdic investiga conduta de presidente do Inmetro"},"content":{"rendered":"<h2>ANTONIO TEM\u00d3TEO<\/h2>\n<h2><\/h2>\n<h2>O Minist\u00e9rio da Ind\u00fastria, Com\u00e9rcio Exterior e Servi\u00e7os (Mdic) abriu investiga\u00e7\u00e3o interna para avaliar a conduta do presidente do Instituto Nacional de Metrologia, Qualidade e Tecnologia (Inmetro), Carlos Augusto Azevedo. <a href=\"http:\/\/www.correiobraziliense.com.br\/app\/noticia\/economia\/2018\/01\/19\/internas_economia,654254\/chefe-do-inmetro-e-condenado-na-justica-por-contratos-sem-licitacao.shtml\">Como o <strong>Correio<\/strong> revelou<\/a>, ele foi condenado em segunda inst\u00e2ncia, em fevereiro de 2015, pelo Tribunal de Justi\u00e7a do Rio de Janeiro (TJ-RJ), por irregularidades cometidas quando comandava a Funda\u00e7\u00e3o de Apoio \u00e0 Escola T\u00e9cnica (Faetec).<\/h2>\n<p>&nbsp;<\/p>\n<p>Relat\u00f3rio do desembargador Ademir Paulo Pimentel, detalhou que a Faetec, vinculada \u00e0 Secretaria de Ci\u00eancia e Tecnologia do Estado do Rio de Janeiro, realizou diversas contrata\u00e7\u00f5es de m\u00e3o de obra com dispensa de licita\u00e7\u00e3o para o exerc\u00edcio de atividades-fim, desrespeitando a legisla\u00e7\u00e3o, enquanto Azevedo presidia a entidade. \u00c0 \u00e9poca da condena\u00e7\u00e3o, o presidente do Inmetro n\u00e3o apresentou defesa em segunda inst\u00e2ncia e foi condenado \u00e0 revelia.<\/p>\n<p>&nbsp;<\/p>\n<p>O caso chegou a Corte por meio de a\u00e7\u00e3o civil p\u00fablica do Minist\u00e9rio P\u00fablico do Rio de Janeiro (MPRJ). O Mdic informou que acompanha o caso e solicitou um parecer jur\u00eddico sobre o assunto. Em nota, a pasta afirmou que reconhece a import\u00e2ncia da moralidade administrativa como um princ\u00edpio fundamental e basilar para a constru\u00e7\u00e3o de uma sociedade justa e solid\u00e1ria.<\/p>\n<p>&nbsp;<\/p>\n<p>\u201cO Minist\u00e9rio lembra que compete \u00e0s inst\u00e2ncias pr\u00f3prias da Rep\u00fablica a an\u00e1lise do comportamento \u00e9tico dos agentes p\u00fablicos, mormente os que figuram em seus altos escal\u00f5es, e informa que obedece aos princ\u00edpios republicanos e democr\u00e1ticos de respeito \u00e0s decis\u00f5es judiciais e aos direitos fundamentais de todos os cidad\u00e3os\u201d, diz a nota.<\/p>\n<p>&nbsp;<\/p>\n<p>O inqu\u00e9rito que resultou na condena\u00e7\u00e3o de Azevedo deixou claro que foram realizadas \u201creiteradas contrata\u00e7\u00f5es das cooperativas com dispensa do necess\u00e1rio procedimento de licita\u00e7\u00e3o\u201d. A condena\u00e7\u00e3o foi declarada por unanimidade pelos integrantes da D\u00e9cima Terceira C\u00e2mara C\u00edvel do TJ-RJ.<\/p>\n<p>&nbsp;<\/p>\n<p>Azevedo foi indicado para o Inmetro pelo deputado Celso Russomano (PRB-SP). No governo Dilma Rousseff, ele foi chefe de gabinete do ent\u00e3o ministro do Desenvolvimento, Celso Pansera, deputado pelo MDB do Rio.<\/p>\n<p>&nbsp;<\/p>\n<p>Em nota, o Inmetro informou que Azevedo apresentou defesa em primeira inst\u00e2ncia, foi vitorioso no processo, mas perdeu em segunda inst\u00e2ncia devido ao n\u00e3o comparecimento do advogado.<\/p>\n<p>&nbsp;<\/p>\n<p><em>Bras\u00edlia, 16h09min<\/em><\/p>\n","protected":false},"excerpt":{"rendered":"<p>ANTONIO TEM\u00d3TEO O Minist\u00e9rio da Ind\u00fastria, Com\u00e9rcio Exterior e Servi\u00e7os (Mdic) abriu investiga\u00e7\u00e3o interna para avaliar a conduta do presidente do Instituto Nacional de Metrologia, Qualidade e Tecnologia (Inmetro), Carlos Augusto Azevedo. Como o Correio revelou, ele foi condenado em segunda inst\u00e2ncia, em fevereiro de 2015, pelo Tribunal de Justi\u00e7a do Rio de Janeiro (TJ-RJ), [&hellip;]<\/p>\n","protected":false},"author":22,"featured_media":0,"comment_status":"open","ping_status":"closed","sticky":false,"template":"","format":"standard","meta":{"footnotes":""},"categories":[600],"tags":[3088,3085,3084,3087,3086],"class_list":["post-7037","post","type-post","status-publish","format-standard","hentry","category-economia","tag-carlos-augusto-azevedo","tag-condenacao","tag-inmetro","tag-instancia","tag-segunda"],"_links":{"self":[{"href":"https:\/\/blogs.correiobraziliense.com.br\/vicente\/wp-json\/wp\/v2\/posts\/7037","targetHints":{"allow":["GET"]}}],"collection":[{"href":"https:\/\/blogs.correiobraziliense.com.br\/vicente\/wp-json\/wp\/v2\/posts"}],"about":[{"href":"https:\/\/blogs.correiobraziliense.com.br\/vicente\/wp-json\/wp\/v2\/types\/post"}],"author":[{"embeddable":true,"href":"https:\/\/blogs.correiobraziliense.com.br\/vicente\/wp-json\/wp\/v2\/users\/22"}],"replies":[{"embeddable":true,"href":"https:\/\/blogs.correiobraziliense.com.br\/vicente\/wp-json\/wp\/v2\/comments?post=7037"}],"version-history":[{"count":1,"href":"https:\/\/blogs.correiobraziliense.com.br\/vicente\/wp-json\/wp\/v2\/posts\/7037\/revisions"}],"predecessor-version":[{"id":7038,"href":"https:\/\/blogs.correiobraziliense.com.br\/vicente\/wp-json\/wp\/v2\/posts\/7037\/revisions\/7038"}],"wp:attachment":[{"href":"https:\/\/blogs.correiobraziliense.com.br\/vicente\/wp-json\/wp\/v2\/media?parent=7037"}],"wp:term":[{"taxonomy":"category","embeddable":true,"href":"https:\/\/blogs.correiobraziliense.com.br\/vicente\/wp-json\/wp\/v2\/categories?post=7037"},{"taxonomy":"post_tag","embeddable":true,"href":"https:\/\/blogs.correiobraziliense.com.br\/vicente\/wp-json\/wp\/v2\/tags?post=7037"}],"curies":[{"name":"wp","href":"https:\/\/api.w.org\/{rel}","templated":true}]}}