{"id":7017,"date":"2018-01-22T02:09:23","date_gmt":"2018-01-22T04:09:23","guid":{"rendered":"https:\/\/blogs.correiobraziliense.com.br\/vicente\/?p=7017"},"modified":"2018-01-22T02:57:10","modified_gmt":"2018-01-22T04:57:10","slug":"carmen-lucia-suspende-posse-de-cristiane-brasil-no-ministerio-do-trabalho","status":"publish","type":"post","link":"https:\/\/blogs.correiobraziliense.com.br\/vicente\/carmen-lucia-suspende-posse-de-cristiane-brasil-no-ministerio-do-trabalho\/","title":{"rendered":"C\u00e1rmen L\u00facia suspende posse de Cristiane Brasil no Minist\u00e9rio do Trabalho"},"content":{"rendered":"<h2>RENATO SOUZA<\/h2>\n<h2><\/h2>\n<h2>Em uma decis\u00e3o tomada no fim da noite de domingo (21), a ministra C\u00e1rmen L\u00facia, presidente do Supremo Tribunal Federal (STF) suspendeu temporariamente a posse da deputada Cristiane Brasil\u00a0(PTB-RJ) no Minist\u00e9rio do Trabalho. A decis\u00e3o \u00e9 liminar e pode ser revista assim que todo o processo que estava no Superior Tribunal de Justi\u00e7a (STJ) chegar \u00e0 Suprema Corte.<\/h2>\n<p>&nbsp;<\/p>\n<p>Ao avaliar o caso, a ministra entendeu que &#8220;cabe ao STF analisar quest\u00f5es infraconstitucionais e decidir sobre a posse de autoridades com foro privilegiado&#8221;. C\u00e1rmen L\u00facia deu o prazo de 48 horas para que o Minist\u00e9rio P\u00fablico Federal se manifeste sobre o assunto.<\/p>\n<p>&nbsp;<\/p>\n<p>A posse estava marcada para \u00e0s 9h da manh\u00e3 desta segunda (22), no Pal\u00e1cio do Planalto. De acordo com a assessoria de imprensa do STF, o inteiro teor da decis\u00e3o do STJ que suspendeu a cerim\u00f4nia ainda n\u00e3o foi tornado p\u00fablico. Cristiane \u00e9 alvo de a\u00e7\u00f5es de diversos advogados trabalhistas que pedem o impedimento do ingresso dela no cargo em decorr\u00eancia de um processo trabalhista que ela perdeu para dois de seus motoristas.<\/p>\n<p>&nbsp;<\/p>\n<p>O Movimento dos Advogados Trabalhistas Independentes (MATI) foi o autor do recurso contra liminar do STJ que autorizava a posse da parlamentar, proferida pelo vice-presidente do Tribunal, ministro Humberto Martins.\u00a0 O jurista Marcos Chehab disse neste domingo (21\/1) ao <strong>Correio\u00a0<\/strong>que a decis\u00e3o foi &#8220;absurda&#8221; e clara &#8220;ofensa&#8221; \u00e0 Constitui\u00e7\u00e3o Brasileira, porque, de acordo com ele, cabia ao STF definir o caso.<\/p>\n<p>&nbsp;<\/p>\n<p>A solenidade de posse seria feita no gabinete do presidente, Michel Temer, com a presen\u00e7a do chefe do Executivo e o ministro-chefe da Casa Civil, Eliseu Padilha.\u00a0O pai de Cristine Brasil, deputado Roberto Jefferson, que \u00e9 presidente do PTB e condenado no processo do mensal\u00e3o, disse ao <strong>Correio<\/strong> que n\u00e3o participaria da cerim\u00f4nia por causa de um &#8220;compromisso importante&#8221;.<\/p>\n<p>&nbsp;<\/p>\n<p><em>Bras\u00edlia, 2h09min<\/em><\/p>\n","protected":false},"excerpt":{"rendered":"<p>RENATO SOUZA Em uma decis\u00e3o tomada no fim da noite de domingo (21), a ministra C\u00e1rmen L\u00facia, presidente do Supremo Tribunal Federal (STF) suspendeu temporariamente a posse da deputada Cristiane Brasil\u00a0(PTB-RJ) no Minist\u00e9rio do Trabalho. A decis\u00e3o \u00e9 liminar e pode ser revista assim que todo o processo que estava no Superior Tribunal de Justi\u00e7a [&hellip;]<\/p>\n","protected":false},"author":22,"featured_media":0,"comment_status":"open","ping_status":"closed","sticky":false,"template":"","format":"standard","meta":{"footnotes":""},"categories":[600],"tags":[1230,3075,1094,192],"class_list":["post-7017","post","type-post","status-publish","format-standard","hentry","category-economia","tag-carmen-lucia","tag-cristiane-brasil","tag-ministerio-do-trabalho","tag-stf"],"_links":{"self":[{"href":"https:\/\/blogs.correiobraziliense.com.br\/vicente\/wp-json\/wp\/v2\/posts\/7017","targetHints":{"allow":["GET"]}}],"collection":[{"href":"https:\/\/blogs.correiobraziliense.com.br\/vicente\/wp-json\/wp\/v2\/posts"}],"about":[{"href":"https:\/\/blogs.correiobraziliense.com.br\/vicente\/wp-json\/wp\/v2\/types\/post"}],"author":[{"embeddable":true,"href":"https:\/\/blogs.correiobraziliense.com.br\/vicente\/wp-json\/wp\/v2\/users\/22"}],"replies":[{"embeddable":true,"href":"https:\/\/blogs.correiobraziliense.com.br\/vicente\/wp-json\/wp\/v2\/comments?post=7017"}],"version-history":[{"count":11,"href":"https:\/\/blogs.correiobraziliense.com.br\/vicente\/wp-json\/wp\/v2\/posts\/7017\/revisions"}],"predecessor-version":[{"id":7028,"href":"https:\/\/blogs.correiobraziliense.com.br\/vicente\/wp-json\/wp\/v2\/posts\/7017\/revisions\/7028"}],"wp:attachment":[{"href":"https:\/\/blogs.correiobraziliense.com.br\/vicente\/wp-json\/wp\/v2\/media?parent=7017"}],"wp:term":[{"taxonomy":"category","embeddable":true,"href":"https:\/\/blogs.correiobraziliense.com.br\/vicente\/wp-json\/wp\/v2\/categories?post=7017"},{"taxonomy":"post_tag","embeddable":true,"href":"https:\/\/blogs.correiobraziliense.com.br\/vicente\/wp-json\/wp\/v2\/tags?post=7017"}],"curies":[{"name":"wp","href":"https:\/\/api.w.org\/{rel}","templated":true}]}}