{"id":6985,"date":"2018-01-18T15:31:08","date_gmt":"2018-01-18T17:31:08","guid":{"rendered":"https:\/\/blogs.correiobraziliense.com.br\/vicente\/?p=6985"},"modified":"2018-01-18T16:05:19","modified_gmt":"2018-01-18T18:05:19","slug":"senado-gasta-r-5-milhoes-com-reforma-para-receber-senadores","status":"publish","type":"post","link":"https:\/\/blogs.correiobraziliense.com.br\/vicente\/senado-gasta-r-5-milhoes-com-reforma-para-receber-senadores\/","title":{"rendered":"Senado gasta R$ 5 milh\u00f5es com reforma para receber senadores"},"content":{"rendered":"<h2>BERNARDO BITTAR<\/h2>\n<h2>Al\u00e9m de gastar R$ 11,6 milh\u00f5es por dia para manter a estrutura do Senado, o contribuinte ainda pode arcar com mais quase R$ 5 milh\u00f5es para bancar a reforma que est\u00e1 sendo feita no pr\u00e9dio desse poder do Legislativo. O dinheiro est\u00e1 sendo gasto em contratos de servi\u00e7os e reformas, como a restaura\u00e7\u00e3o de obras no Complexo Arquitet\u00f4nico do Senado Federal e nas \u00e1reas comuns do Congresso Nacional, como alguns banheiros, sala de repouso e consult\u00f3rio odontol\u00f3gico.<\/h2>\n<p>&nbsp;<\/p>\n<p>As informa\u00e7\u00f5es s\u00e3o do Portal da Transpar\u00eancia, que destaca seis contratos diferentes para a viabilidade das obras, todas iniciadas em dezembro de 2017. A expectativa \u00e9 de que alguns reparos s\u00f3 sejam totalmente conclu\u00eddos em outubro deste ano, m\u00eas em que ocorrem as elei\u00e7\u00f5es. Por enquanto, n\u00e3o h\u00e1 transtornos na Casa, que funciona em esquema de plant\u00e3o at\u00e9 o fim do recesso legislativo, em 1\u00ba de fevereiro.<\/p>\n<p>&nbsp;<\/p>\n<p>No site do Senado, o diretor da Secretaria de Infraestrutura (Sinfra), Joelmo Borges, diz que as a\u00e7\u00f5es \u201cfazem parte de um planejamento de curto, m\u00e9dio e longo prazos\u201d. \u201cNesse planejamento, vamos estabelecendo a\u00e7\u00f5es que devem ser implementadas durante o recesso parlamentar. Entre os benef\u00edcios, est\u00e3o a manuten\u00e7\u00e3o da infraestrutura do Senado e a manuten\u00e7\u00e3o adequada do nosso patrim\u00f4nio\u201d explica.<\/p>\n<p>&nbsp;<\/p>\n<p>O coordenador-geral da Sinfra, Luan Ozelim, afirma que, na Secretaria de Tecnologia da Informa\u00e7\u00e3o (Prodasen), est\u00e3o sendo desenvolvidas atividades de moderniza\u00e7\u00e3o e de reorganiza\u00e7\u00e3o em \u00e1reas t\u00e9cnicas, como as salas de alimenta\u00e7\u00e3o X e Y, al\u00e9m da sala-cofre. Os trabalhos s\u00e3o fruto de uma a\u00e7\u00e3o conjunta entre a Sinfra e o Prodasen.<\/p>\n<p>&nbsp;<\/p>\n<p>\u201cO que muda \u00e9 que o sistema de alimenta\u00e7\u00e3o e de comunica\u00e7\u00e3o entre os pain\u00e9is el\u00e9tricos e hackers, com os equipamentos, torna-se mais confi\u00e1vel e isso impacta na garantia de que a sala-cofre n\u00e3o sofre interfer\u00eancia do meio externo, em rela\u00e7\u00e3o ao fornecimento de energia\u201d, destaca Ozelim.<\/p>\n<p>&nbsp;<\/p>\n<p>Na Sala de Pain\u00e9is do Anexo 2, tem sido desenvolvida a\u00e7\u00e3o semelhante, devido ao plano de manuten\u00e7\u00e3o preventiva semestral da subesta\u00e7\u00e3o local, ressalta Ozelim. Outra obra de relevo \u00e9 a implementa\u00e7\u00e3o de uma nova subesta\u00e7\u00e3o de energia el\u00e9trica para pr\u00e9dios na \u00e1rea da Gr\u00e1fica e pr\u00f3ximos ao Espa\u00e7o do Servidor (antigas unidades de apoio).<\/p>\n<p>&nbsp;<\/p>\n<p>Segundo levantamento do secret\u00e1rio-geral da ONG Contas Abertas, Gil Castello Branco, c\u00e1lculos da institui\u00e7\u00e3o mostram que o Congresso custa por dia aos cofres p\u00fablicos R$ 27,7 milh\u00f5es, desse total, R$ 11,6 milh\u00f5es s\u00e3o para manter a estrutura do Senado, que, anos atr\u00e1s, entrou em uma campanha de corte de privil\u00e9gios.<\/p>\n<p>&nbsp;<\/p>\n<p><em>Bras\u00edlia, 15h31min<\/em><\/p>\n","protected":false},"excerpt":{"rendered":"<p>BERNARDO BITTAR Al\u00e9m de gastar R$ 11,6 milh\u00f5es por dia para manter a estrutura do Senado, o contribuinte ainda pode arcar com mais quase R$ 5 milh\u00f5es para bancar a reforma que est\u00e1 sendo feita no pr\u00e9dio desse poder do Legislativo. O dinheiro est\u00e1 sendo gasto em contratos de servi\u00e7os e reformas, como a restaura\u00e7\u00e3o [&hellip;]<\/p>\n","protected":false},"author":22,"featured_media":0,"comment_status":"open","ping_status":"closed","sticky":false,"template":"","format":"standard","meta":{"footnotes":""},"categories":[600],"tags":[802,3066,614,586,3065],"class_list":["post-6985","post","type-post","status-publish","format-standard","hentry","category-economia","tag-gastos","tag-r-5-milhoes","tag-reforma","tag-senado","tag-senadores"],"_links":{"self":[{"href":"https:\/\/blogs.correiobraziliense.com.br\/vicente\/wp-json\/wp\/v2\/posts\/6985","targetHints":{"allow":["GET"]}}],"collection":[{"href":"https:\/\/blogs.correiobraziliense.com.br\/vicente\/wp-json\/wp\/v2\/posts"}],"about":[{"href":"https:\/\/blogs.correiobraziliense.com.br\/vicente\/wp-json\/wp\/v2\/types\/post"}],"author":[{"embeddable":true,"href":"https:\/\/blogs.correiobraziliense.com.br\/vicente\/wp-json\/wp\/v2\/users\/22"}],"replies":[{"embeddable":true,"href":"https:\/\/blogs.correiobraziliense.com.br\/vicente\/wp-json\/wp\/v2\/comments?post=6985"}],"version-history":[{"count":3,"href":"https:\/\/blogs.correiobraziliense.com.br\/vicente\/wp-json\/wp\/v2\/posts\/6985\/revisions"}],"predecessor-version":[{"id":6988,"href":"https:\/\/blogs.correiobraziliense.com.br\/vicente\/wp-json\/wp\/v2\/posts\/6985\/revisions\/6988"}],"wp:attachment":[{"href":"https:\/\/blogs.correiobraziliense.com.br\/vicente\/wp-json\/wp\/v2\/media?parent=6985"}],"wp:term":[{"taxonomy":"category","embeddable":true,"href":"https:\/\/blogs.correiobraziliense.com.br\/vicente\/wp-json\/wp\/v2\/categories?post=6985"},{"taxonomy":"post_tag","embeddable":true,"href":"https:\/\/blogs.correiobraziliense.com.br\/vicente\/wp-json\/wp\/v2\/tags?post=6985"}],"curies":[{"name":"wp","href":"https:\/\/api.w.org\/{rel}","templated":true}]}}